{"id":10583,"date":"2023-01-13T20:02:30","date_gmt":"2023-01-13T18:02:30","guid":{"rendered":"https:\/\/sanjuanbosco.es\/?p=10583"},"modified":"2023-01-13T20:08:53","modified_gmt":"2023-01-13T18:08:53","slug":"por-una-buena-causa-corre","status":"publish","type":"post","link":"https:\/\/sanjuanbosco.es\/?p=10583","title":{"rendered":"Por una buena causa, corre&#8230;"},"content":{"rendered":"<p>Rafa Guerrero, \u00e1rbitro de la 1\u00aa Divisi\u00f3n del f\u00fatbol espa\u00f1ol te anima a que participes en la II Carrera popular Urbana que organiza el IES San Juan Bosco de Ja\u00e9n a beneficio, este a\u00f1o, de la Asociaci\u00f3n S\u00edndrome de Down de Ja\u00e9n. Desde esta web, y en nombre del equipo directivo, agradecemos a Rafa su apoyo para esta noble causa.<\/p>\n<p>\u00a1Muchas gracias Rafa!<\/p>\n<p><iframe loading=\"lazy\" title=\"Inscr\u00edbete en la II Carrera Popular Urbana IES San Juan Bosco. Gracias a Rafa Guerrero por su apoyo.\" width=\"1040\" height=\"585\" src=\"https:\/\/www.youtube.com\/embed\/krnoqcHzX98?feature=oembed\" frameborder=\"0\" allow=\"accelerometer; autoplay; clipboard-write; encrypted-media; gyroscope; picture-in-picture; web-share\" allowfullscreen><\/iframe><\/p>\n","protected":false},"excerpt":{"rendered":"<p>Rafa Guerrero, \u00e1rbitro de la 1\u00aa Divisi\u00f3n del f\u00fatbol espa\u00f1ol<span class=\"more-button\"><a href=\"https:\/\/sanjuanbosco.es\/?p=10583\" class=\"more-link\">Seguir leyendo<span class=\"screen-reader-text\">Por una buena causa, corre&#8230;<\/span><\/a><\/span><\/p>\n","protected":false},"author":2,"featured_media":10587,"comment_status":"open","ping_status":"open","sticky":false,"template":"","format":"standard","meta":{"_background_id":0,"_xo_background":[],"ngg_post_thumbnail":0},"categories":[1],"tags":[],"_links":{"self":[{"href":"https:\/\/sanjuanbosco.es\/index.php?rest_route=\/wp\/v2\/posts\/10583"}],"collection":[{"href":"https:\/\/sanjuanbosco.es\/index.php?rest_route=\/wp\/v2\/posts"}],"about":[{"href":"https:\/\/sanjuanbosco.es\/index.php?rest_route=\/wp\/v2\/types\/post"}],"author":[{"embeddable":true,"href":"https:\/\/sanjuanbosco.es\/index.php?rest_route=\/wp\/v2\/users\/2"}],"replies":[{"embeddable":true,"href":"https:\/\/sanjuanbosco.es\/index.php?rest_route=%2Fwp%2Fv2%2Fcomments&post=10583"}],"version-history":[{"count":4,"href":"https:\/\/sanjuanbosco.es\/index.php?rest_route=\/wp\/v2\/posts\/10583\/revisions"}],"predecessor-version":[{"id":10588,"href":"https:\/\/sanjuanbosco.es\/index.php?rest_route=\/wp\/v2\/posts\/10583\/revisions\/10588"}],"wp:featuredmedia":[{"embeddable":true,"href":"https:\/\/sanjuanbosco.es\/index.php?rest_route=\/wp\/v2\/media\/10587"}],"wp:attachment":[{"href":"https:\/\/sanjuanbosco.es\/index.php?rest_route=%2Fwp%2Fv2%2Fmedia&parent=10583"}],"wp:term":[{"taxonomy":"category","embeddable":true,"href":"https:\/\/sanjuanbosco.es\/index.php?rest_route=%2Fwp%2Fv2%2Fcategories&post=10583"},{"taxonomy":"post_tag","embeddable":true,"href":"https:\/\/sanjuanbosco.es\/index.php?rest_route=%2Fwp%2Fv2%2Ftags&post=10583"}],"curies":[{"name":"wp","href":"https:\/\/api.w.org\/{rel}","templated":true}]}}