{"id":11076,"date":"2023-02-10T13:31:40","date_gmt":"2023-02-10T11:31:40","guid":{"rendered":"https:\/\/sanjuanbosco.es\/?p=11076"},"modified":"2023-03-20T11:58:43","modified_gmt":"2023-03-20T09:58:43","slug":"el-bosco-presente-el-el-ii-salon-de-formacion-y-empleo-de-alcala-la-real","status":"publish","type":"post","link":"https:\/\/sanjuanbosco.es\/?p=11076","title":{"rendered":"El Bosco presente el el II Sal\u00f3n de Formaci\u00f3n y Empleo de Alcal\u00e1 la Real"},"content":{"rendered":"\t\t<div data-elementor-type=\"wp-post\" data-elementor-id=\"11076\" class=\"elementor elementor-11076\">\n\t\t\t\t\t\t\t\t\t<section class=\"elementor-section elementor-top-section elementor-element elementor-element-415f801 elementor-section-boxed elementor-section-height-default elementor-section-height-default\" data-id=\"415f801\" data-element_type=\"section\">\n\t\t\t\t\t\t<div class=\"elementor-container elementor-column-gap-default\">\n\t\t\t\t\t<div class=\"elementor-column elementor-col-100 elementor-top-column elementor-element elementor-element-5bb10cb\" data-id=\"5bb10cb\" data-element_type=\"column\">\n\t\t\t<div class=\"elementor-widget-wrap elementor-element-populated\">\n\t\t\t\t\t\t\t\t<div class=\"elementor-element elementor-element-c8da3c3 elementor-widget elementor-widget-text-editor\" data-id=\"c8da3c3\" data-element_type=\"widget\" data-widget_type=\"text-editor.default\">\n\t\t\t\t<div class=\"elementor-widget-container\">\n\t\t\t\t\t\t\t<p>El alumnado del Ciclo Formativo de Grado Medio de Peluquer\u00eda asisti\u00f3 al II Sal\u00f3n de Formaci\u00f3n y Empleo celebrado los d\u00edas 8 y 9 de Febrero en Alcal\u00e1 la Real. Pudieron realizar muestras de lo que se trabaja en este ciclo formativo en nuestro centro despertando gran inter\u00e9s entre los asistentes al Sal\u00f3n.<\/p><p>Desde aqu\u00ed agradecemos al Ayuntamiento de Alcal\u00e1 la Real, a su concejal\u00eda de educaci\u00f3n la invitaci\u00f3n al mismo, a las profesoras acompa\u00f1antes del alumando su implicaci\u00f3n en la mejora de las competencias profesionales y emprendedoras de nuestro alumando, y al alumnado participante en el Sal\u00f3n por la experiencia de la que pudieron disfrutar.<\/p><p>\u00a1\u00a1\u00a1El Bosco est\u00e1 mas vivo que nunca!!!<\/p>\t\t\t\t\t\t<\/div>\n\t\t\t\t<\/div>\n\t\t\t\t\t<\/div>\n\t\t<\/div>\n\t\t\t\t\t\t\t<\/div>\n\t\t<\/section>\n\t\t\t\t<section class=\"elementor-section elementor-top-section elementor-element elementor-element-6471d8d elementor-section-boxed elementor-section-height-default elementor-section-height-default\" data-id=\"6471d8d\" data-element_type=\"section\">\n\t\t\t\t\t\t<div class=\"elementor-container elementor-column-gap-default\">\n\t\t\t\t\t<div class=\"elementor-column elementor-col-100 elementor-top-column elementor-element elementor-element-5997fe8\" data-id=\"5997fe8\" data-element_type=\"column\">\n\t\t\t<div class=\"elementor-widget-wrap elementor-element-populated\">\n\t\t\t\t\t\t\t\t<div class=\"elementor-element elementor-element-ecec853 elementor-arrows-position-inside elementor-pagination-position-outside elementor-widget elementor-widget-image-carousel\" data-id=\"ecec853\" data-element_type=\"widget\" data-settings=\"{&quot;navigation&quot;:&quot;both&quot;,&quot;autoplay&quot;:&quot;yes&quot;,&quot;pause_on_hover&quot;:&quot;yes&quot;,&quot;pause_on_interaction&quot;:&quot;yes&quot;,&quot;autoplay_speed&quot;:5000,&quot;infinite&quot;:&quot;yes&quot;,&quot;speed&quot;:500}\" data-widget_type=\"image-carousel.default\">\n\t\t\t\t<div class=\"elementor-widget-container\">\n\t\t\t\t\t<div class=\"elementor-image-carousel-wrapper swiper-container\" dir=\"ltr\">\n\t\t\t<div class=\"elementor-image-carousel swiper-wrapper\">\n\t\t\t\t\t\t\t\t<div class=\"swiper-slide\"><figure class=\"swiper-slide-inner\"><img decoding=\"async\" class=\"swiper-slide-image\" src=\"https:\/\/sanjuanbosco.es\/wp-content\/uploads\/2023\/02\/PHOTO-2023-02-09-17-44-45-1-150x150.jpg\" alt=\"PHOTO-2023-02-09-17-44-45 (1)\" \/><\/figure><\/div><div class=\"swiper-slide\"><figure class=\"swiper-slide-inner\"><img decoding=\"async\" class=\"swiper-slide-image\" src=\"https:\/\/sanjuanbosco.es\/wp-content\/uploads\/2023\/02\/PHOTO-2023-02-09-17-44-45-150x150.jpg\" alt=\"PHOTO-2023-02-09-17-44-45\" \/><\/figure><\/div><div class=\"swiper-slide\"><figure class=\"swiper-slide-inner\"><img decoding=\"async\" class=\"swiper-slide-image\" src=\"https:\/\/sanjuanbosco.es\/wp-content\/uploads\/2023\/02\/PHOTO-2023-02-09-16-14-55-2-150x150.jpg\" alt=\"PHOTO-2023-02-09-16-14-55 (2)\" \/><\/figure><\/div><div class=\"swiper-slide\"><figure class=\"swiper-slide-inner\"><img decoding=\"async\" class=\"swiper-slide-image\" src=\"https:\/\/sanjuanbosco.es\/wp-content\/uploads\/2023\/02\/PHOTO-2023-02-09-16-14-55-1-150x150.jpg\" alt=\"PHOTO-2023-02-09-16-14-55 (1)\" \/><\/figure><\/div><div class=\"swiper-slide\"><figure class=\"swiper-slide-inner\"><img decoding=\"async\" class=\"swiper-slide-image\" src=\"https:\/\/sanjuanbosco.es\/wp-content\/uploads\/2023\/02\/PHOTO-2023-02-09-16-14-55-150x150.jpg\" alt=\"PHOTO-2023-02-09-16-14-55\" \/><\/figure><\/div><div class=\"swiper-slide\"><figure class=\"swiper-slide-inner\"><img decoding=\"async\" class=\"swiper-slide-image\" src=\"https:\/\/sanjuanbosco.es\/wp-content\/uploads\/2023\/02\/PHOTO-2023-02-09-16-14-35-150x150.jpg\" alt=\"PHOTO-2023-02-09-16-14-35\" \/><\/figure><\/div>\t\t\t<\/div>\n\t\t\t\t\t\t\t\t\t\t\t\t<div class=\"swiper-pagination\"><\/div>\n\t\t\t\t\t\t\t\t\t\t\t\t\t<div class=\"elementor-swiper-button elementor-swiper-button-prev\">\n\t\t\t\t\t\t<i aria-hidden=\"true\" class=\"eicon-chevron-left\"><\/i>\t\t\t\t\t\t<span class=\"elementor-screen-only\">Anterior<\/span>\n\t\t\t\t\t<\/div>\n\t\t\t\t\t<div class=\"elementor-swiper-button elementor-swiper-button-next\">\n\t\t\t\t\t\t<i aria-hidden=\"true\" class=\"eicon-chevron-right\"><\/i>\t\t\t\t\t\t<span class=\"elementor-screen-only\">Siguiente<\/span>\n\t\t\t\t\t<\/div>\n\t\t\t\t\t\t\t\t\t<\/div>\n\t\t\t\t<\/div>\n\t\t\t\t<\/div>\n\t\t\t\t\t<\/div>\n\t\t<\/div>\n\t\t\t\t\t\t\t<\/div>\n\t\t<\/section>\n\t\t\t\t\t\t\t<\/div>\n\t\t","protected":false},"excerpt":{"rendered":"<p>El alumnado del Ciclo Formativo de Grado Medio de Peluquer\u00eda<span class=\"more-button\"><a href=\"https:\/\/sanjuanbosco.es\/?p=11076\" class=\"more-link\">Seguir leyendo<span class=\"screen-reader-text\">El Bosco presente el el II Sal\u00f3n de Formaci\u00f3n y Empleo de Alcal\u00e1 la Real<\/span><\/a><\/span><\/p>\n","protected":false},"author":2,"featured_media":11077,"comment_status":"open","ping_status":"open","sticky":false,"template":"","format":"standard","meta":{"_background_id":0,"_xo_background":[],"ngg_post_thumbnail":0},"categories":[1],"tags":[],"_links":{"self":[{"href":"https:\/\/sanjuanbosco.es\/index.php?rest_route=\/wp\/v2\/posts\/11076"}],"collection":[{"href":"https:\/\/sanjuanbosco.es\/index.php?rest_route=\/wp\/v2\/posts"}],"about":[{"href":"https:\/\/sanjuanbosco.es\/index.php?rest_route=\/wp\/v2\/types\/post"}],"author":[{"embeddable":true,"href":"https:\/\/sanjuanbosco.es\/index.php?rest_route=\/wp\/v2\/users\/2"}],"replies":[{"embeddable":true,"href":"https:\/\/sanjuanbosco.es\/index.php?rest_route=%2Fwp%2Fv2%2Fcomments&post=11076"}],"version-history":[{"count":10,"href":"https:\/\/sanjuanbosco.es\/index.php?rest_route=\/wp\/v2\/posts\/11076\/revisions"}],"predecessor-version":[{"id":11483,"href":"https:\/\/sanjuanbosco.es\/index.php?rest_route=\/wp\/v2\/posts\/11076\/revisions\/11483"}],"wp:featuredmedia":[{"embeddable":true,"href":"https:\/\/sanjuanbosco.es\/index.php?rest_route=\/wp\/v2\/media\/11077"}],"wp:attachment":[{"href":"https:\/\/sanjuanbosco.es\/index.php?rest_route=%2Fwp%2Fv2%2Fmedia&parent=11076"}],"wp:term":[{"taxonomy":"category","embeddable":true,"href":"https:\/\/sanjuanbosco.es\/index.php?rest_route=%2Fwp%2Fv2%2Fcategories&post=11076"},{"taxonomy":"post_tag","embeddable":true,"href":"https:\/\/sanjuanbosco.es\/index.php?rest_route=%2Fwp%2Fv2%2Ftags&post=11076"}],"curies":[{"name":"wp","href":"https:\/\/api.w.org\/{rel}","templated":true}]}}