{"id":11126,"date":"2023-02-14T18:17:25","date_gmt":"2023-02-14T16:17:25","guid":{"rendered":"https:\/\/sanjuanbosco.es\/?p=11126"},"modified":"2023-03-20T11:55:16","modified_gmt":"2023-03-20T09:55:16","slug":"jornadas-de-puertas-abiertas-bachillerato","status":"publish","type":"post","link":"https:\/\/sanjuanbosco.es\/?p=11126","title":{"rendered":"JORNADAS DE PUERTAS ABIERTAS &#8211; BACHILLERATO"},"content":{"rendered":"\t\t<div data-elementor-type=\"wp-post\" data-elementor-id=\"11126\" class=\"elementor elementor-11126\">\n\t\t\t\t\t\t\t\t\t<section class=\"elementor-section elementor-top-section elementor-element elementor-element-789173f elementor-section-boxed elementor-section-height-default elementor-section-height-default\" data-id=\"789173f\" data-element_type=\"section\">\n\t\t\t\t\t\t<div class=\"elementor-container elementor-column-gap-default\">\n\t\t\t\t\t<div class=\"elementor-column elementor-col-100 elementor-top-column elementor-element elementor-element-3824201\" data-id=\"3824201\" data-element_type=\"column\">\n\t\t\t<div class=\"elementor-widget-wrap elementor-element-populated\">\n\t\t\t\t\t\t\t\t<div class=\"elementor-element elementor-element-28129b8 elementor-widget elementor-widget-image\" data-id=\"28129b8\" data-element_type=\"widget\" data-widget_type=\"image.default\">\n\t\t\t\t<div class=\"elementor-widget-container\">\n\t\t\t\t\t\t\t\t\t\t\t\t\t\t\t<img decoding=\"async\" width=\"724\" height=\"1024\" src=\"https:\/\/sanjuanbosco.es\/wp-content\/uploads\/2023\/02\/CARTEL-PUERTAS-ABIERTAS-BACHILLERATO-1-724x1024.jpg\" class=\"attachment-large size-large\" alt=\"\" loading=\"lazy\" srcset=\"https:\/\/sanjuanbosco.es\/wp-content\/uploads\/2023\/02\/CARTEL-PUERTAS-ABIERTAS-BACHILLERATO-1-724x1024.jpg 724w, https:\/\/sanjuanbosco.es\/wp-content\/uploads\/2023\/02\/CARTEL-PUERTAS-ABIERTAS-BACHILLERATO-1-212x300.jpg 212w, https:\/\/sanjuanbosco.es\/wp-content\/uploads\/2023\/02\/CARTEL-PUERTAS-ABIERTAS-BACHILLERATO-1-768x1086.jpg 768w, https:\/\/sanjuanbosco.es\/wp-content\/uploads\/2023\/02\/CARTEL-PUERTAS-ABIERTAS-BACHILLERATO-1-1086x1536.jpg 1086w, https:\/\/sanjuanbosco.es\/wp-content\/uploads\/2023\/02\/CARTEL-PUERTAS-ABIERTAS-BACHILLERATO-1-1448x2048.jpg 1448w, https:\/\/sanjuanbosco.es\/wp-content\/uploads\/2023\/02\/CARTEL-PUERTAS-ABIERTAS-BACHILLERATO-1.jpg 1587w\" sizes=\"(max-width: 724px) 100vw, 724px\" \/>\t\t\t\t\t\t\t\t\t\t\t\t\t\t\t<\/div>\n\t\t\t\t<\/div>\n\t\t\t\t\t<\/div>\n\t\t<\/div>\n\t\t\t\t\t\t\t<\/div>\n\t\t<\/section>\n\t\t\t\t<section class=\"elementor-section elementor-top-section elementor-element elementor-element-a7c6e19 elementor-section-boxed elementor-section-height-default elementor-section-height-default\" data-id=\"a7c6e19\" data-element_type=\"section\">\n\t\t\t\t\t\t<div class=\"elementor-container elementor-column-gap-default\">\n\t\t\t\t\t<div class=\"elementor-column elementor-col-100 elementor-top-column elementor-element elementor-element-0c647bf\" data-id=\"0c647bf\" data-element_type=\"column\">\n\t\t\t<div class=\"elementor-widget-wrap elementor-element-populated\">\n\t\t\t\t\t\t\t\t<div class=\"elementor-element elementor-element-8deb039 elementor-widget elementor-widget-text-editor\" data-id=\"8deb039\" data-element_type=\"widget\" data-widget_type=\"text-editor.default\">\n\t\t\t\t<div class=\"elementor-widget-container\">\n\t\t\t\t\t\t\t<p>El pr\u00f3ximo martes 21 de febrero a las 17:30 tendr\u00e1 lugar la jornadas de puertas abiertas del IES San Juan Bosco. Aquellas familias que quer\u00e1is conocer la oferta acad\u00e9mica del bachillerato de cara al inicio del per\u00edodo de admisi\u00f3n en el mes de marzo, as\u00ed como la metodolog\u00eda innovadora que practicamos en el IES San Juan Bosco, as\u00ed como nuestras instalaciones, ser\u00e9is bienvenidos \/-as.<\/p><p style=\"text-align: left;\">En dichas jornadas de puertas abiertas participar\u00e1:<\/p><ul style=\"text-align: left;\"><li>Nuestro director, D. Juan Antonio P\u00e9rez de Castro, que dar\u00e1 cuenta de la oferta acad\u00e9mica en bachillerato, as\u00ed como ratios y agrupamientos, optatividad, salidas profesionales y tasas de \u00e9xito del alumnado del IES San Juan Bosco en selectividad (PEvAU).<\/li><li>D\u00f1a. Gracia M\u00e9ndez V\u00e1zquez, jefa del departamento de Orientaci\u00f3n del IES San Juan Bosco, quien nos explicar\u00e1 el funcionamiento del que es uno de los pilares fundamentales del centro, el Departamento de Orientaci\u00f3n a trav\u00e9s del cual damos respuesta a las necesidades e intereses tanto de nuestro alumnado como de las familias de nuestros alumnos \/-as.\u00a0<\/li><\/ul><div style=\"text-align: left;\">\u00a0De la misma manera, estaremos encantados de recibirles cualquier martes y jueves del mes de marzo, de 17:00 a 18:30 para conocernos, sin necesidad de reserva previa.<\/div><div style=\"text-align: left;\">\u00a1\u00a1Os esperamos!! \u00a1\u00a1Ac\u00e9rcate al Bosco!!<\/div>\t\t\t\t\t\t<\/div>\n\t\t\t\t<\/div>\n\t\t\t\t\t<\/div>\n\t\t<\/div>\n\t\t\t\t\t\t\t<\/div>\n\t\t<\/section>\n\t\t\t\t\t\t\t<\/div>\n\t\t","protected":false},"excerpt":{"rendered":"<p>El pr\u00f3ximo martes 21 de febrero a las 17:30 tendr\u00e1<span class=\"more-button\"><a href=\"https:\/\/sanjuanbosco.es\/?p=11126\" class=\"more-link\">Seguir leyendo<span class=\"screen-reader-text\">JORNADAS DE PUERTAS ABIERTAS &#8211; BACHILLERATO<\/span><\/a><\/span><\/p>\n","protected":false},"author":2,"featured_media":11136,"comment_status":"open","ping_status":"open","sticky":false,"template":"","format":"standard","meta":{"_background_id":0,"_xo_background":[],"ngg_post_thumbnail":0},"categories":[1],"tags":[],"_links":{"self":[{"href":"https:\/\/sanjuanbosco.es\/index.php?rest_route=\/wp\/v2\/posts\/11126"}],"collection":[{"href":"https:\/\/sanjuanbosco.es\/index.php?rest_route=\/wp\/v2\/posts"}],"about":[{"href":"https:\/\/sanjuanbosco.es\/index.php?rest_route=\/wp\/v2\/types\/post"}],"author":[{"embeddable":true,"href":"https:\/\/sanjuanbosco.es\/index.php?rest_route=\/wp\/v2\/users\/2"}],"replies":[{"embeddable":true,"href":"https:\/\/sanjuanbosco.es\/index.php?rest_route=%2Fwp%2Fv2%2Fcomments&post=11126"}],"version-history":[{"count":16,"href":"https:\/\/sanjuanbosco.es\/index.php?rest_route=\/wp\/v2\/posts\/11126\/revisions"}],"predecessor-version":[{"id":11471,"href":"https:\/\/sanjuanbosco.es\/index.php?rest_route=\/wp\/v2\/posts\/11126\/revisions\/11471"}],"wp:featuredmedia":[{"embeddable":true,"href":"https:\/\/sanjuanbosco.es\/index.php?rest_route=\/wp\/v2\/media\/11136"}],"wp:attachment":[{"href":"https:\/\/sanjuanbosco.es\/index.php?rest_route=%2Fwp%2Fv2%2Fmedia&parent=11126"}],"wp:term":[{"taxonomy":"category","embeddable":true,"href":"https:\/\/sanjuanbosco.es\/index.php?rest_route=%2Fwp%2Fv2%2Fcategories&post=11126"},{"taxonomy":"post_tag","embeddable":true,"href":"https:\/\/sanjuanbosco.es\/index.php?rest_route=%2Fwp%2Fv2%2Ftags&post=11126"}],"curies":[{"name":"wp","href":"https:\/\/api.w.org\/{rel}","templated":true}]}}