{"id":11196,"date":"2023-02-25T15:00:53","date_gmt":"2023-02-25T13:00:53","guid":{"rendered":"https:\/\/sanjuanbosco.es\/?p=11196"},"modified":"2023-03-30T13:05:32","modified_gmt":"2023-03-30T11:05:32","slug":"corto-cinematografico-paula","status":"publish","type":"post","link":"https:\/\/sanjuanbosco.es\/?p=11196","title":{"rendered":"CORTO CINEMATOGR\u00c1FICO. PAULA."},"content":{"rendered":"\t\t<div data-elementor-type=\"wp-post\" data-elementor-id=\"11196\" class=\"elementor elementor-11196\">\n\t\t\t\t\t\t\t\t\t<section class=\"elementor-section elementor-top-section elementor-element elementor-element-eadba97 elementor-section-boxed elementor-section-height-default elementor-section-height-default\" data-id=\"eadba97\" data-element_type=\"section\">\n\t\t\t\t\t\t<div class=\"elementor-container elementor-column-gap-default\">\n\t\t\t\t\t<div class=\"elementor-column elementor-col-100 elementor-top-column elementor-element elementor-element-c2d177e\" data-id=\"c2d177e\" data-element_type=\"column\">\n\t\t\t<div class=\"elementor-widget-wrap elementor-element-populated\">\n\t\t\t\t\t\t\t\t<div class=\"elementor-element elementor-element-0bb1378 elementor-widget elementor-widget-text-editor\" data-id=\"0bb1378\" data-element_type=\"widget\" data-widget_type=\"text-editor.default\">\n\t\t\t\t<div class=\"elementor-widget-container\">\n\t\t\t\t\t\t\t<p>Los d\u00edas 24 y 25 de febrero hemos asistido en el instituto al estreno del corto cinematogr\u00e1fico, Paula,\u00a0<span style=\"color: var( --e-global-color-text ); font-family: var( --e-global-typography-text-font-family ), Sans-serif; font-size: 1.125rem;\">realizado por el alumnado de 2\u00ba ESO .<\/span><\/p><p><span style=\"color: var( --e-global-color-text ); font-family: var( --e-global-typography-text-font-family ), Sans-serif; font-size: 1.125rem;\">El objetivo de esta actividad ha sido que el alumnado reflexione sobre las relaciones amorosas en la\u00a0<\/span><span style=\"color: var( --e-global-color-text ); font-family: var( --e-global-typography-text-font-family ), Sans-serif; font-size: 1.125rem;\">adolescencia e identifique si est\u00e1 siendo v\u00edctima de violencia, as\u00ed como educar en el respeto y la\u00a0<\/span><span style=\"color: var( --e-global-color-text ); font-family: var( --e-global-typography-text-font-family ), Sans-serif; font-size: 1.125rem;\">confianza en la pareja. Ha sido de inter\u00e9s para la profesora que ha dirigido el corto que la narraci\u00f3n no\u00a0<\/span><span style=\"color: var( --e-global-color-text ); font-family: var( --e-global-typography-text-font-family ), Sans-serif; font-size: 1.125rem;\">est\u00e9 centrada en la violencia f\u00edsica, pues esta es evidente y menos necesario visualizar, sino en la violencia\u00a0<\/span><span style=\"color: var( --e-global-color-text ); font-family: var( --e-global-typography-text-font-family ), Sans-serif; font-size: 1.125rem;\">psicol\u00f3gica, inapreciable a veces por los j\u00f3venes, y que se confunde con amor.<\/span><\/p><p>Despu\u00e9s de la presentaci\u00f3n y visionado del mismo, ha tenido lugar un interesante coloquio.<\/p><p>La profesora ha ido se\u00f1alando diferentes actitudes s\u00edntoma de una relaci\u00f3n t\u00f3xica, y el alumnado ha ido\u00a0<span style=\"color: var( --e-global-color-text ); font-family: var( --e-global-typography-text-font-family ), Sans-serif; font-size: 1.125rem;\">identificando y comentando las secuencias en las que se ven reflejas. Al mismo tiempo que iban\u00a0<\/span><span style=\"color: var( --e-global-color-text ); font-family: var( --e-global-typography-text-font-family ), Sans-serif; font-size: 1.125rem;\">proponiendo alternativas para una relaci\u00f3n sana, basada en el respeto y la confianza.<\/span><\/p><p>La acogida as\u00ed como las cr\u00edticas de los espectadores han sido excelentes.<\/p>\t\t\t\t\t\t<\/div>\n\t\t\t\t<\/div>\n\t\t\t\t<div class=\"elementor-element elementor-element-16302da elementor-widget elementor-widget-image\" data-id=\"16302da\" data-element_type=\"widget\" data-widget_type=\"image.default\">\n\t\t\t\t<div class=\"elementor-widget-container\">\n\t\t\t\t\t\t\t\t\t\t\t\t\t\t\t<img decoding=\"async\" width=\"1024\" height=\"461\" src=\"https:\/\/sanjuanbosco.es\/wp-content\/uploads\/2023\/02\/4fe51b35-d8a6-4d36-ba49-d2c6a2e55694-1024x461.jpg\" class=\"attachment-large size-large\" alt=\"\" loading=\"lazy\" srcset=\"https:\/\/sanjuanbosco.es\/wp-content\/uploads\/2023\/02\/4fe51b35-d8a6-4d36-ba49-d2c6a2e55694-1024x461.jpg 1024w, https:\/\/sanjuanbosco.es\/wp-content\/uploads\/2023\/02\/4fe51b35-d8a6-4d36-ba49-d2c6a2e55694-300x135.jpg 300w, https:\/\/sanjuanbosco.es\/wp-content\/uploads\/2023\/02\/4fe51b35-d8a6-4d36-ba49-d2c6a2e55694-768x346.jpg 768w, https:\/\/sanjuanbosco.es\/wp-content\/uploads\/2023\/02\/4fe51b35-d8a6-4d36-ba49-d2c6a2e55694-1536x691.jpg 1536w, https:\/\/sanjuanbosco.es\/wp-content\/uploads\/2023\/02\/4fe51b35-d8a6-4d36-ba49-d2c6a2e55694.jpg 2000w\" sizes=\"(max-width: 1024px) 100vw, 1024px\" \/>\t\t\t\t\t\t\t\t\t\t\t\t\t\t\t<\/div>\n\t\t\t\t<\/div>\n\t\t\t\t\t<\/div>\n\t\t<\/div>\n\t\t\t\t\t\t\t<\/div>\n\t\t<\/section>\n\t\t\t\t<section class=\"elementor-section elementor-top-section elementor-element elementor-element-de89868 elementor-section-boxed elementor-section-height-default elementor-section-height-default\" data-id=\"de89868\" data-element_type=\"section\">\n\t\t\t\t\t\t<div class=\"elementor-container elementor-column-gap-default\">\n\t\t\t\t\t<div class=\"elementor-column elementor-col-100 elementor-top-column elementor-element elementor-element-816b351\" data-id=\"816b351\" data-element_type=\"column\">\n\t\t\t<div class=\"elementor-widget-wrap elementor-element-populated\">\n\t\t\t\t\t\t\t\t<div class=\"elementor-element elementor-element-8e29985 elementor-widget elementor-widget-text-editor\" data-id=\"8e29985\" data-element_type=\"widget\" data-widget_type=\"text-editor.default\">\n\t\t\t\t<div class=\"elementor-widget-container\">\n\t\t\t\t\t\t\t<p style=\"text-align: justify;\">\u00a0<\/p><p style=\"text-align: justify;\">Enhorabuena a todo el alumnado participante; int\u00e9rpretes, editor, operador de c\u00e1mara&#8230;por el excelente\u00a0<span style=\"color: var( --e-global-color-text ); font-family: var( --e-global-typography-text-font-family ), Sans-serif; font-size: 1.125rem;\">trabajo realizado.<\/span><\/p><p style=\"text-align: justify;\">DEPARTAMENTO DE FILOSOF\u00cdA.<\/p>\t\t\t\t\t\t<\/div>\n\t\t\t\t<\/div>\n\t\t\t\t\t<\/div>\n\t\t<\/div>\n\t\t\t\t\t\t\t<\/div>\n\t\t<\/section>\n\t\t\t\t<section class=\"elementor-section elementor-top-section elementor-element elementor-element-e6ea169 elementor-section-boxed elementor-section-height-default elementor-section-height-default\" data-id=\"e6ea169\" data-element_type=\"section\">\n\t\t\t\t\t\t<div class=\"elementor-container elementor-column-gap-default\">\n\t\t\t\t\t<div class=\"elementor-column elementor-col-100 elementor-top-column elementor-element elementor-element-20ba641\" data-id=\"20ba641\" data-element_type=\"column\">\n\t\t\t<div class=\"elementor-widget-wrap elementor-element-populated\">\n\t\t\t\t\t\t\t\t<div class=\"elementor-element elementor-element-39e282e elementor-aspect-ratio-169 elementor-widget elementor-widget-video\" data-id=\"39e282e\" data-element_type=\"widget\" data-settings=\"{&quot;youtube_url&quot;:&quot;https:\\\/\\\/www.youtube.com\\\/watch?v=TfPk1ltWZkg&amp;t=496s&quot;,&quot;video_type&quot;:&quot;youtube&quot;,&quot;controls&quot;:&quot;yes&quot;,&quot;aspect_ratio&quot;:&quot;169&quot;}\" data-widget_type=\"video.default\">\n\t\t\t\t<div class=\"elementor-widget-container\">\n\t\t\t\t\t<div class=\"elementor-wrapper elementor-fit-aspect-ratio elementor-open-inline\">\n\t\t\t<div class=\"elementor-video\"><\/div>\t\t<\/div>\n\t\t\t\t<\/div>\n\t\t\t\t<\/div>\n\t\t\t\t\t<\/div>\n\t\t<\/div>\n\t\t\t\t\t\t\t<\/div>\n\t\t<\/section>\n\t\t\t\t\t\t\t<\/div>\n\t\t","protected":false},"excerpt":{"rendered":"<p>Los d\u00edas 24 y 25 de febrero hemos asistido en<span class=\"more-button\"><a href=\"https:\/\/sanjuanbosco.es\/?p=11196\" class=\"more-link\">Seguir leyendo<span class=\"screen-reader-text\">CORTO CINEMATOGR\u00c1FICO. PAULA.<\/span><\/a><\/span><\/p>\n","protected":false},"author":2,"featured_media":11208,"comment_status":"open","ping_status":"open","sticky":false,"template":"","format":"standard","meta":{"_background_id":0,"_xo_background":[],"ngg_post_thumbnail":0},"categories":[1],"tags":[],"_links":{"self":[{"href":"https:\/\/sanjuanbosco.es\/index.php?rest_route=\/wp\/v2\/posts\/11196"}],"collection":[{"href":"https:\/\/sanjuanbosco.es\/index.php?rest_route=\/wp\/v2\/posts"}],"about":[{"href":"https:\/\/sanjuanbosco.es\/index.php?rest_route=\/wp\/v2\/types\/post"}],"author":[{"embeddable":true,"href":"https:\/\/sanjuanbosco.es\/index.php?rest_route=\/wp\/v2\/users\/2"}],"replies":[{"embeddable":true,"href":"https:\/\/sanjuanbosco.es\/index.php?rest_route=%2Fwp%2Fv2%2Fcomments&post=11196"}],"version-history":[{"count":14,"href":"https:\/\/sanjuanbosco.es\/index.php?rest_route=\/wp\/v2\/posts\/11196\/revisions"}],"predecessor-version":[{"id":11751,"href":"https:\/\/sanjuanbosco.es\/index.php?rest_route=\/wp\/v2\/posts\/11196\/revisions\/11751"}],"wp:featuredmedia":[{"embeddable":true,"href":"https:\/\/sanjuanbosco.es\/index.php?rest_route=\/wp\/v2\/media\/11208"}],"wp:attachment":[{"href":"https:\/\/sanjuanbosco.es\/index.php?rest_route=%2Fwp%2Fv2%2Fmedia&parent=11196"}],"wp:term":[{"taxonomy":"category","embeddable":true,"href":"https:\/\/sanjuanbosco.es\/index.php?rest_route=%2Fwp%2Fv2%2Fcategories&post=11196"},{"taxonomy":"post_tag","embeddable":true,"href":"https:\/\/sanjuanbosco.es\/index.php?rest_route=%2Fwp%2Fv2%2Ftags&post=11196"}],"curies":[{"name":"wp","href":"https:\/\/api.w.org\/{rel}","templated":true}]}}