{"id":11242,"date":"2023-03-06T18:15:45","date_gmt":"2023-03-06T16:15:45","guid":{"rendered":"https:\/\/sanjuanbosco.es\/?p=11242"},"modified":"2023-03-20T11:49:47","modified_gmt":"2023-03-20T09:49:47","slug":"iii-encuentro-aulas-violetas-de-andalucia","status":"publish","type":"post","link":"https:\/\/sanjuanbosco.es\/?p=11242","title":{"rendered":"III Encuentro \u00abAulas Violetas\u00bb de Andaluc\u00eda"},"content":{"rendered":"\t\t<div data-elementor-type=\"wp-post\" data-elementor-id=\"11242\" class=\"elementor elementor-11242\">\n\t\t\t\t\t\t\t\t\t<section class=\"elementor-section elementor-top-section elementor-element elementor-element-2ed1bfa elementor-section-boxed elementor-section-height-default elementor-section-height-default\" data-id=\"2ed1bfa\" data-element_type=\"section\">\n\t\t\t\t\t\t<div class=\"elementor-container elementor-column-gap-default\">\n\t\t\t\t\t<div class=\"elementor-column elementor-col-100 elementor-top-column elementor-element elementor-element-4cd924f\" data-id=\"4cd924f\" data-element_type=\"column\">\n\t\t\t<div class=\"elementor-widget-wrap elementor-element-populated\">\n\t\t\t\t\t\t\t\t<div class=\"elementor-element elementor-element-93ac5bf elementor-widget elementor-widget-text-editor\" data-id=\"93ac5bf\" data-element_type=\"widget\" data-widget_type=\"text-editor.default\">\n\t\t\t\t<div class=\"elementor-widget-container\">\n\t\t\t\t\t\t\t<p>El IES San Juan Bosco, reconocido en el III Encuentro de Aulas Violetas de Andaluc\u00eda gracias a sus buenas pr\u00e1cticas en la formaci\u00f3n e impulso de la coeducaci\u00f3n e igualdad entre su alumnado.\u00a0<\/p><p>Un nutrido grupo de alumnos y alumnas del IES San Juan Bosco, se desplazaron hasta la ciudad de Antequera para participar en el III Encuentro de Aulas Violetas promovido por la Consejer\u00eda de Desarrollo Educativo y Formaci\u00f3n Profesional como respuesta a las buenas pr\u00e1cticas que desde hace ya algunos cursos hasta ac\u00e1 se est\u00e1n llevando a cabo en el centro en pro de la igualdad y convivencia. Hasta la ciudad de Antequera se han desplazado alumnado de las diferentes etapas educativas de nuestro centro, ESO, Bachillerato y Ciclos Formativos, acompa\u00f1ados por nuestra compa\u00f1era coordinadora de Igualdad Luc\u00eda Garc\u00eda y la profesora Elvira Chica.<\/p><p>El\u00a0<strong>II Plan Estrat\u00e9gico de Igualdad de G\u00e9nero en Educaci\u00f3n 2016-2021<\/strong>, aprobado por Acuerdo de 16 de febrero de 2016, del Consejo de Gobierno, se concibe como el marco de actuaci\u00f3n y la herramienta para continuar impulsando la igualdad dentro del sistema educativo, incluyendo nuevas medidas y actuaciones orientadas a la prevenci\u00f3n y erradicaci\u00f3n de la violencia de g\u00e9nero, y a evitar cualquier otra discriminaci\u00f3n por motivo de identidad u orientaci\u00f3n sexual, modelos de familia o formas de convivencia. La Consejer\u00eda de Educaci\u00f3n y Deporte, consciente de la importancia que tiene la colaboraci\u00f3n estrecha entre familia y escuela para la consecuci\u00f3n de este objetivo, promueve cada a\u00f1o los\u00a0<strong>encuentros: Aulas Violetas Andaluc\u00eda<\/strong>.<\/p><p>Esta iniciativa tiene como objeto continuar impulsando, fomentando y promocionando\u00a0<strong>la coeducaci\u00f3n, la Igualdad y la prevenci\u00f3n de la violencia de g\u00e9nero<\/strong>\u00a0en los centros educativos en este empe\u00f1o compartido de educar en Igualdad y erradicar la lacra social que supone la violencia de g\u00e9nero.<\/p><p>Los encuentros Aulas Violeta Andaluc\u00eda son parte de una iniciativa de la Consejer\u00eda de Educaci\u00f3n y Deporte, que est\u00e1n concebidos como espacios privilegiados para mostrar y compartir el trabajo desarrollado por los centros educativos andaluces, visibilizando as\u00ed las buenas pr\u00e1cticas en materia de coeducaci\u00f3n y prevenci\u00f3n de la violencia de g\u00e9nero. a la par que se dota a todos los centros educativos de una potent\u00edsima herramienta para que puedan realizar actuaciones para la conmemoraci\u00f3n de este d\u00eda.<\/p><p>\u00a0<\/p>\t\t\t\t\t\t<\/div>\n\t\t\t\t<\/div>\n\t\t\t\t\t<\/div>\n\t\t<\/div>\n\t\t\t\t\t\t\t<\/div>\n\t\t<\/section>\n\t\t\t\t<section class=\"elementor-section elementor-top-section elementor-element elementor-element-192f854 elementor-section-boxed elementor-section-height-default elementor-section-height-default\" data-id=\"192f854\" data-element_type=\"section\">\n\t\t\t\t\t\t<div class=\"elementor-container elementor-column-gap-default\">\n\t\t\t\t\t<div class=\"elementor-column elementor-col-100 elementor-top-column elementor-element elementor-element-ffff6d9\" data-id=\"ffff6d9\" data-element_type=\"column\">\n\t\t\t<div class=\"elementor-widget-wrap elementor-element-populated\">\n\t\t\t\t\t\t\t\t<div class=\"elementor-element elementor-element-e77d7d2 elementor-arrows-position-inside elementor-pagination-position-outside elementor-widget elementor-widget-image-carousel\" data-id=\"e77d7d2\" data-element_type=\"widget\" data-settings=\"{&quot;navigation&quot;:&quot;both&quot;,&quot;autoplay&quot;:&quot;yes&quot;,&quot;pause_on_hover&quot;:&quot;yes&quot;,&quot;pause_on_interaction&quot;:&quot;yes&quot;,&quot;autoplay_speed&quot;:5000,&quot;infinite&quot;:&quot;yes&quot;,&quot;speed&quot;:500}\" data-widget_type=\"image-carousel.default\">\n\t\t\t\t<div class=\"elementor-widget-container\">\n\t\t\t\t\t<div class=\"elementor-image-carousel-wrapper swiper-container\" dir=\"ltr\">\n\t\t\t<div class=\"elementor-image-carousel swiper-wrapper\">\n\t\t\t\t\t\t\t\t<div class=\"swiper-slide\"><figure class=\"swiper-slide-inner\"><img decoding=\"async\" class=\"swiper-slide-image\" src=\"https:\/\/sanjuanbosco.es\/wp-content\/uploads\/2023\/03\/PHOTO-2023-03-06-16-56-33-1-150x150.jpg\" alt=\"PHOTO-2023-03-06-16-56-33 (1)\" \/><\/figure><\/div><div class=\"swiper-slide\"><figure class=\"swiper-slide-inner\"><img decoding=\"async\" class=\"swiper-slide-image\" src=\"https:\/\/sanjuanbosco.es\/wp-content\/uploads\/2023\/03\/PHOTO-2023-03-06-16-56-33-150x150.jpg\" alt=\"PHOTO-2023-03-06-16-56-33\" \/><\/figure><\/div><div class=\"swiper-slide\"><figure class=\"swiper-slide-inner\"><img decoding=\"async\" class=\"swiper-slide-image\" src=\"https:\/\/sanjuanbosco.es\/wp-content\/uploads\/2023\/03\/PHOTO-2023-03-06-16-56-32-2-150x150.jpg\" alt=\"PHOTO-2023-03-06-16-56-32 (2)\" \/><\/figure><\/div><div class=\"swiper-slide\"><figure class=\"swiper-slide-inner\"><img decoding=\"async\" class=\"swiper-slide-image\" src=\"https:\/\/sanjuanbosco.es\/wp-content\/uploads\/2023\/03\/PHOTO-2023-03-06-16-56-32-1-150x150.jpg\" alt=\"PHOTO-2023-03-06-16-56-32 (1)\" \/><\/figure><\/div><div class=\"swiper-slide\"><figure class=\"swiper-slide-inner\"><img decoding=\"async\" class=\"swiper-slide-image\" src=\"https:\/\/sanjuanbosco.es\/wp-content\/uploads\/2023\/03\/PHOTO-2023-03-06-16-56-32-150x150.jpg\" alt=\"PHOTO-2023-03-06-16-56-32\" \/><\/figure><\/div>\t\t\t<\/div>\n\t\t\t\t\t\t\t\t\t\t\t\t<div class=\"swiper-pagination\"><\/div>\n\t\t\t\t\t\t\t\t\t\t\t\t\t<div class=\"elementor-swiper-button elementor-swiper-button-prev\">\n\t\t\t\t\t\t<i aria-hidden=\"true\" class=\"eicon-chevron-left\"><\/i>\t\t\t\t\t\t<span class=\"elementor-screen-only\">Anterior<\/span>\n\t\t\t\t\t<\/div>\n\t\t\t\t\t<div class=\"elementor-swiper-button elementor-swiper-button-next\">\n\t\t\t\t\t\t<i aria-hidden=\"true\" class=\"eicon-chevron-right\"><\/i>\t\t\t\t\t\t<span class=\"elementor-screen-only\">Siguiente<\/span>\n\t\t\t\t\t<\/div>\n\t\t\t\t\t\t\t\t\t<\/div>\n\t\t\t\t<\/div>\n\t\t\t\t<\/div>\n\t\t\t\t\t<\/div>\n\t\t<\/div>\n\t\t\t\t\t\t\t<\/div>\n\t\t<\/section>\n\t\t\t\t\t\t\t<\/div>\n\t\t","protected":false},"excerpt":{"rendered":"<p>El IES San Juan Bosco, reconocido en el III Encuentro<span class=\"more-button\"><a href=\"https:\/\/sanjuanbosco.es\/?p=11242\" class=\"more-link\">Seguir leyendo<span class=\"screen-reader-text\">III Encuentro \u00abAulas Violetas\u00bb de Andaluc\u00eda<\/span><\/a><\/span><\/p>\n","protected":false},"author":2,"featured_media":11243,"comment_status":"open","ping_status":"open","sticky":false,"template":"","format":"standard","meta":{"_background_id":0,"_xo_background":[],"ngg_post_thumbnail":0},"categories":[1],"tags":[],"_links":{"self":[{"href":"https:\/\/sanjuanbosco.es\/index.php?rest_route=\/wp\/v2\/posts\/11242"}],"collection":[{"href":"https:\/\/sanjuanbosco.es\/index.php?rest_route=\/wp\/v2\/posts"}],"about":[{"href":"https:\/\/sanjuanbosco.es\/index.php?rest_route=\/wp\/v2\/types\/post"}],"author":[{"embeddable":true,"href":"https:\/\/sanjuanbosco.es\/index.php?rest_route=\/wp\/v2\/users\/2"}],"replies":[{"embeddable":true,"href":"https:\/\/sanjuanbosco.es\/index.php?rest_route=%2Fwp%2Fv2%2Fcomments&post=11242"}],"version-history":[{"count":7,"href":"https:\/\/sanjuanbosco.es\/index.php?rest_route=\/wp\/v2\/posts\/11242\/revisions"}],"predecessor-version":[{"id":11462,"href":"https:\/\/sanjuanbosco.es\/index.php?rest_route=\/wp\/v2\/posts\/11242\/revisions\/11462"}],"wp:featuredmedia":[{"embeddable":true,"href":"https:\/\/sanjuanbosco.es\/index.php?rest_route=\/wp\/v2\/media\/11243"}],"wp:attachment":[{"href":"https:\/\/sanjuanbosco.es\/index.php?rest_route=%2Fwp%2Fv2%2Fmedia&parent=11242"}],"wp:term":[{"taxonomy":"category","embeddable":true,"href":"https:\/\/sanjuanbosco.es\/index.php?rest_route=%2Fwp%2Fv2%2Fcategories&post=11242"},{"taxonomy":"post_tag","embeddable":true,"href":"https:\/\/sanjuanbosco.es\/index.php?rest_route=%2Fwp%2Fv2%2Ftags&post=11242"}],"curies":[{"name":"wp","href":"https:\/\/api.w.org\/{rel}","templated":true}]}}