{"id":11253,"date":"2023-03-07T15:06:02","date_gmt":"2023-03-07T13:06:02","guid":{"rendered":"https:\/\/sanjuanbosco.es\/?p=11253"},"modified":"2023-03-20T11:14:12","modified_gmt":"2023-03-20T09:14:12","slug":"el-ies-san-juan-bosco-en-la-feria-de-muestras-de-armilla","status":"publish","type":"post","link":"https:\/\/sanjuanbosco.es\/?p=11253","title":{"rendered":"El IES San Juan Bosco en la Feria de Muestras de Armilla"},"content":{"rendered":"\t\t<div data-elementor-type=\"wp-post\" data-elementor-id=\"11253\" class=\"elementor elementor-11253\">\n\t\t\t\t\t\t\t\t\t<section class=\"elementor-section elementor-top-section elementor-element elementor-element-1ca9f42 elementor-section-boxed elementor-section-height-default elementor-section-height-default\" data-id=\"1ca9f42\" data-element_type=\"section\">\n\t\t\t\t\t\t<div class=\"elementor-container elementor-column-gap-default\">\n\t\t\t\t\t<div class=\"elementor-column elementor-col-100 elementor-top-column elementor-element elementor-element-ade1bd4\" data-id=\"ade1bd4\" data-element_type=\"column\">\n\t\t\t<div class=\"elementor-widget-wrap elementor-element-populated\">\n\t\t\t\t\t\t\t\t<div class=\"elementor-element elementor-element-1bc4551 elementor-widget elementor-widget-text-editor\" data-id=\"1bc4551\" data-element_type=\"widget\" data-widget_type=\"text-editor.default\">\n\t\t\t\t<div class=\"elementor-widget-container\">\n\t\t\t\t\t\t\t<p>Una nutrida representaci\u00f3n del alumnado de la Familia Profesional de Imagen Personal del IES San Juan Bosco, en concreto alumnado de los cursos de 2\u00ba Ciclo Formativo de Grado Medio de Est\u00e9tica y Belleza, 1er Curso de Ciclo Formativo de Grado Superior de Estilismo y Direcci\u00f3n de Peluquer\u00eda y 2\u00ba Curso de Grado Superior de Est\u00e9tica Integral y Bienestar, tuvieron la ocasi\u00f3n de participar en la Feria de Muestras de Armilla en Granada acompa\u00f1ados por sus profesoras Ana Brenes y Neiba Mart\u00ednez, apostando una vez m\u00e1s por la formaci\u00f3n teorico &#8211; pr\u00e1ctica con el \u00fanico objetivo del completo desarrollo de las competencias profesionales de nuestro alumnado de Formaci\u00f3n Profesional, ratificando una vez m\u00e1s que la innovaci\u00f3n y el acercamiento al mundo pr\u00e1ctico y laboral de los ciclos formativos que se imparten en el IES San Juan Bosco no es de cara a la galer\u00eda, si no que el gran cat\u00e1logo de actividades que se llevan a cabo en cada curso atestiguan el af\u00e1n innovador del profesorado del IES San Juan Bosco as\u00ed como la apuesta por el cambio metodol\u00f3gico por el que apostamos desde el centro.<\/p><p>Nuestro alumnado y profesorado disfrut\u00f3 de dicha actividad y complet\u00f3 su formaci\u00f3n como atestiguan estas im\u00e1genes&#8230;<\/p><p>\u00a1El Bosco est\u00e1 de moda!<\/p>\t\t\t\t\t\t<\/div>\n\t\t\t\t<\/div>\n\t\t\t\t\t<\/div>\n\t\t<\/div>\n\t\t\t\t\t\t\t<\/div>\n\t\t<\/section>\n\t\t\t\t<section class=\"elementor-section elementor-top-section elementor-element elementor-element-7a7d190 elementor-section-boxed elementor-section-height-default elementor-section-height-default\" data-id=\"7a7d190\" data-element_type=\"section\">\n\t\t\t\t\t\t<div class=\"elementor-container elementor-column-gap-default\">\n\t\t\t\t\t<div class=\"elementor-column elementor-col-100 elementor-top-column elementor-element elementor-element-798cd13\" data-id=\"798cd13\" data-element_type=\"column\">\n\t\t\t<div class=\"elementor-widget-wrap elementor-element-populated\">\n\t\t\t\t\t\t\t\t<div class=\"elementor-element elementor-element-602ae88 elementor-arrows-position-inside elementor-pagination-position-outside elementor-widget elementor-widget-image-carousel\" data-id=\"602ae88\" data-element_type=\"widget\" data-settings=\"{&quot;navigation&quot;:&quot;both&quot;,&quot;autoplay&quot;:&quot;yes&quot;,&quot;pause_on_hover&quot;:&quot;yes&quot;,&quot;pause_on_interaction&quot;:&quot;yes&quot;,&quot;autoplay_speed&quot;:5000,&quot;infinite&quot;:&quot;yes&quot;,&quot;speed&quot;:500}\" data-widget_type=\"image-carousel.default\">\n\t\t\t\t<div class=\"elementor-widget-container\">\n\t\t\t\t\t<div class=\"elementor-image-carousel-wrapper swiper-container\" dir=\"ltr\">\n\t\t\t<div class=\"elementor-image-carousel swiper-wrapper\">\n\t\t\t\t\t\t\t\t<div class=\"swiper-slide\"><figure class=\"swiper-slide-inner\"><img decoding=\"async\" class=\"swiper-slide-image\" src=\"https:\/\/sanjuanbosco.es\/wp-content\/uploads\/2023\/03\/PHOTO-2023-03-07-12-11-58-3-150x150.jpg\" alt=\"PHOTO-2023-03-07-12-11-58 (3)\" \/><\/figure><\/div><div class=\"swiper-slide\"><figure class=\"swiper-slide-inner\"><img decoding=\"async\" class=\"swiper-slide-image\" src=\"https:\/\/sanjuanbosco.es\/wp-content\/uploads\/2023\/03\/PHOTO-2023-03-07-12-11-58-2-150x150.jpg\" alt=\"PHOTO-2023-03-07-12-11-58 (2)\" \/><\/figure><\/div><div class=\"swiper-slide\"><figure class=\"swiper-slide-inner\"><img decoding=\"async\" class=\"swiper-slide-image\" src=\"https:\/\/sanjuanbosco.es\/wp-content\/uploads\/2023\/03\/PHOTO-2023-03-07-12-11-58-1-150x150.jpg\" alt=\"PHOTO-2023-03-07-12-11-58 (1)\" \/><\/figure><\/div><div class=\"swiper-slide\"><figure class=\"swiper-slide-inner\"><img decoding=\"async\" class=\"swiper-slide-image\" src=\"https:\/\/sanjuanbosco.es\/wp-content\/uploads\/2023\/03\/PHOTO-2023-03-07-12-11-58-150x150.jpg\" alt=\"PHOTO-2023-03-07-12-11-58\" \/><\/figure><\/div>\t\t\t<\/div>\n\t\t\t\t\t\t\t\t\t\t\t\t<div class=\"swiper-pagination\"><\/div>\n\t\t\t\t\t\t\t\t\t\t\t\t\t<div class=\"elementor-swiper-button elementor-swiper-button-prev\">\n\t\t\t\t\t\t<i aria-hidden=\"true\" class=\"eicon-chevron-left\"><\/i>\t\t\t\t\t\t<span class=\"elementor-screen-only\">Anterior<\/span>\n\t\t\t\t\t<\/div>\n\t\t\t\t\t<div class=\"elementor-swiper-button elementor-swiper-button-next\">\n\t\t\t\t\t\t<i aria-hidden=\"true\" class=\"eicon-chevron-right\"><\/i>\t\t\t\t\t\t<span class=\"elementor-screen-only\">Siguiente<\/span>\n\t\t\t\t\t<\/div>\n\t\t\t\t\t\t\t\t\t<\/div>\n\t\t\t\t<\/div>\n\t\t\t\t<\/div>\n\t\t\t\t\t<\/div>\n\t\t<\/div>\n\t\t\t\t\t\t\t<\/div>\n\t\t<\/section>\n\t\t\t\t\t\t\t<\/div>\n\t\t","protected":false},"excerpt":{"rendered":"<p>Una nutrida representaci\u00f3n del alumnado de la Familia Profesional de<span class=\"more-button\"><a href=\"https:\/\/sanjuanbosco.es\/?p=11253\" class=\"more-link\">Seguir leyendo<span class=\"screen-reader-text\">El IES San Juan Bosco en la Feria de Muestras de Armilla<\/span><\/a><\/span><\/p>\n","protected":false},"author":2,"featured_media":11255,"comment_status":"open","ping_status":"open","sticky":false,"template":"","format":"standard","meta":{"_background_id":0,"_xo_background":[],"ngg_post_thumbnail":0},"categories":[1],"tags":[],"_links":{"self":[{"href":"https:\/\/sanjuanbosco.es\/index.php?rest_route=\/wp\/v2\/posts\/11253"}],"collection":[{"href":"https:\/\/sanjuanbosco.es\/index.php?rest_route=\/wp\/v2\/posts"}],"about":[{"href":"https:\/\/sanjuanbosco.es\/index.php?rest_route=\/wp\/v2\/types\/post"}],"author":[{"embeddable":true,"href":"https:\/\/sanjuanbosco.es\/index.php?rest_route=\/wp\/v2\/users\/2"}],"replies":[{"embeddable":true,"href":"https:\/\/sanjuanbosco.es\/index.php?rest_route=%2Fwp%2Fv2%2Fcomments&post=11253"}],"version-history":[{"count":7,"href":"https:\/\/sanjuanbosco.es\/index.php?rest_route=\/wp\/v2\/posts\/11253\/revisions"}],"predecessor-version":[{"id":11426,"href":"https:\/\/sanjuanbosco.es\/index.php?rest_route=\/wp\/v2\/posts\/11253\/revisions\/11426"}],"wp:featuredmedia":[{"embeddable":true,"href":"https:\/\/sanjuanbosco.es\/index.php?rest_route=\/wp\/v2\/media\/11255"}],"wp:attachment":[{"href":"https:\/\/sanjuanbosco.es\/index.php?rest_route=%2Fwp%2Fv2%2Fmedia&parent=11253"}],"wp:term":[{"taxonomy":"category","embeddable":true,"href":"https:\/\/sanjuanbosco.es\/index.php?rest_route=%2Fwp%2Fv2%2Fcategories&post=11253"},{"taxonomy":"post_tag","embeddable":true,"href":"https:\/\/sanjuanbosco.es\/index.php?rest_route=%2Fwp%2Fv2%2Ftags&post=11253"}],"curies":[{"name":"wp","href":"https:\/\/api.w.org\/{rel}","templated":true}]}}