{"id":12139,"date":"2023-04-14T12:18:26","date_gmt":"2023-04-14T10:18:26","guid":{"rendered":"https:\/\/sanjuanbosco.es\/?p=12139"},"modified":"2023-05-12T12:31:27","modified_gmt":"2023-05-12T10:31:27","slug":"abril-mes-del-libro-y-biblioteca-en-el-ies-san-juan-bosco","status":"publish","type":"post","link":"https:\/\/sanjuanbosco.es\/?p=12139","title":{"rendered":"Abril: mes del libro y biblioteca en el IES San Juan Bosco"},"content":{"rendered":"\t\t<div data-elementor-type=\"wp-post\" data-elementor-id=\"12139\" class=\"elementor elementor-12139\">\n\t\t\t\t\t\t\t\t\t<section class=\"elementor-section elementor-top-section elementor-element elementor-element-09e454e elementor-section-boxed elementor-section-height-default elementor-section-height-default\" data-id=\"09e454e\" data-element_type=\"section\">\n\t\t\t\t\t\t<div class=\"elementor-container elementor-column-gap-default\">\n\t\t\t\t\t<div class=\"elementor-column elementor-col-100 elementor-top-column elementor-element elementor-element-ce2c9ae\" data-id=\"ce2c9ae\" data-element_type=\"column\">\n\t\t\t<div class=\"elementor-widget-wrap elementor-element-populated\">\n\t\t\t\t\t\t\t\t<div class=\"elementor-element elementor-element-014cd9f elementor-widget elementor-widget-text-editor\" data-id=\"014cd9f\" data-element_type=\"widget\" data-widget_type=\"text-editor.default\">\n\t\t\t\t<div class=\"elementor-widget-container\">\n\t\t\t\t\t\t\t<p>Abril es el mes del libro y de la biblioteca del IES San Juan Bosco. Las actividades que emanan de ella cobran vida y nuestro alumnado ser\u00e1 absoluto protagonista en ellas.<\/p><p>Desde el equipo de bliblioteca del IES San Juan Bosco, encabezado por su coordinadora, la profesora de Lengua Castellana y Literatura Estefan\u00eda P\u00e9rez, han dise\u00f1ado un cat\u00e1logo de actividades con la lectura y los libros como referencia, del que os dejamos cumplida cuenta en lo que se ha denominado \u00abLa Semana del Libro\u00bb. Agradecemos al equipo de biblitoeca y a su coordinadora la estupenda labor de dinamizaci\u00f3n de este espacio que est\u00e1n llevando a cabo otro a\u00f1o m\u00e1s.<\/p><p>\u00a1\u00a1FELIZ SEMANA DEL LIBRO!!<\/p>\t\t\t\t\t\t<\/div>\n\t\t\t\t<\/div>\n\t\t\t\t\t<\/div>\n\t\t<\/div>\n\t\t\t\t\t\t\t<\/div>\n\t\t<\/section>\n\t\t\t\t<section class=\"elementor-section elementor-top-section elementor-element elementor-element-7fc1a3c elementor-section-boxed elementor-section-height-default elementor-section-height-default\" data-id=\"7fc1a3c\" data-element_type=\"section\">\n\t\t\t\t\t\t<div class=\"elementor-container elementor-column-gap-default\">\n\t\t\t\t\t<div class=\"elementor-column elementor-col-100 elementor-top-column elementor-element elementor-element-5b02617\" data-id=\"5b02617\" data-element_type=\"column\">\n\t\t\t<div class=\"elementor-widget-wrap elementor-element-populated\">\n\t\t\t\t\t\t\t\t<div class=\"elementor-element elementor-element-e8a664d elementor-widget elementor-widget-image\" data-id=\"e8a664d\" data-element_type=\"widget\" data-widget_type=\"image.default\">\n\t\t\t\t<div class=\"elementor-widget-container\">\n\t\t\t\t\t\t\t\t\t\t\t\t\t\t\t<img decoding=\"async\" width=\"409\" height=\"1024\" src=\"https:\/\/sanjuanbosco.es\/wp-content\/uploads\/2023\/04\/SEMANA-DEL-LIBRO-11024_1.jpg\" class=\"attachment-large size-large\" alt=\"\" loading=\"lazy\" srcset=\"https:\/\/sanjuanbosco.es\/wp-content\/uploads\/2023\/04\/SEMANA-DEL-LIBRO-11024_1.jpg 409w, https:\/\/sanjuanbosco.es\/wp-content\/uploads\/2023\/04\/SEMANA-DEL-LIBRO-11024_1-120x300.jpg 120w\" sizes=\"(max-width: 409px) 100vw, 409px\" \/>\t\t\t\t\t\t\t\t\t\t\t\t\t\t\t<\/div>\n\t\t\t\t<\/div>\n\t\t\t\t\t<\/div>\n\t\t<\/div>\n\t\t\t\t\t\t\t<\/div>\n\t\t<\/section>\n\t\t\t\t<section class=\"elementor-section elementor-top-section elementor-element elementor-element-deee379 elementor-section-boxed elementor-section-height-default elementor-section-height-default\" data-id=\"deee379\" data-element_type=\"section\">\n\t\t\t\t\t\t<div class=\"elementor-container elementor-column-gap-default\">\n\t\t\t\t\t<div class=\"elementor-column elementor-col-100 elementor-top-column elementor-element elementor-element-86020d9\" data-id=\"86020d9\" data-element_type=\"column\">\n\t\t\t<div class=\"elementor-widget-wrap elementor-element-populated\">\n\t\t\t\t\t\t\t\t<div class=\"elementor-element elementor-element-45f6cf7 elementor-widget elementor-widget-image\" data-id=\"45f6cf7\" data-element_type=\"widget\" data-widget_type=\"image.default\">\n\t\t\t\t<div class=\"elementor-widget-container\">\n\t\t\t\t\t\t\t\t\t\t\t\t\t\t\t<img decoding=\"async\" width=\"409\" height=\"1024\" src=\"https:\/\/sanjuanbosco.es\/wp-content\/uploads\/2023\/04\/SEMANA-DEL-LIBRO-11024_2.jpg\" class=\"attachment-large size-large\" alt=\"\" loading=\"lazy\" srcset=\"https:\/\/sanjuanbosco.es\/wp-content\/uploads\/2023\/04\/SEMANA-DEL-LIBRO-11024_2.jpg 409w, https:\/\/sanjuanbosco.es\/wp-content\/uploads\/2023\/04\/SEMANA-DEL-LIBRO-11024_2-120x300.jpg 120w\" sizes=\"(max-width: 409px) 100vw, 409px\" \/>\t\t\t\t\t\t\t\t\t\t\t\t\t\t\t<\/div>\n\t\t\t\t<\/div>\n\t\t\t\t\t<\/div>\n\t\t<\/div>\n\t\t\t\t\t\t\t<\/div>\n\t\t<\/section>\n\t\t\t\t<section class=\"elementor-section elementor-top-section elementor-element elementor-element-d7e117c elementor-section-boxed elementor-section-height-default elementor-section-height-default\" data-id=\"d7e117c\" data-element_type=\"section\">\n\t\t\t\t\t\t<div class=\"elementor-container elementor-column-gap-default\">\n\t\t\t\t\t<div class=\"elementor-column elementor-col-100 elementor-top-column elementor-element elementor-element-d386308\" data-id=\"d386308\" data-element_type=\"column\">\n\t\t\t<div class=\"elementor-widget-wrap elementor-element-populated\">\n\t\t\t\t\t\t\t\t<div class=\"elementor-element elementor-element-6d3a645 elementor-arrows-position-inside elementor-pagination-position-outside elementor-widget elementor-widget-image-carousel\" data-id=\"6d3a645\" data-element_type=\"widget\" data-settings=\"{&quot;navigation&quot;:&quot;both&quot;,&quot;autoplay&quot;:&quot;yes&quot;,&quot;pause_on_hover&quot;:&quot;yes&quot;,&quot;pause_on_interaction&quot;:&quot;yes&quot;,&quot;autoplay_speed&quot;:5000,&quot;infinite&quot;:&quot;yes&quot;,&quot;speed&quot;:500}\" data-widget_type=\"image-carousel.default\">\n\t\t\t\t<div class=\"elementor-widget-container\">\n\t\t\t\t\t<div class=\"elementor-image-carousel-wrapper swiper-container\" dir=\"ltr\">\n\t\t\t<div class=\"elementor-image-carousel swiper-wrapper\">\n\t\t\t\t\t\t\t\t<div class=\"swiper-slide\"><figure class=\"swiper-slide-inner\"><img decoding=\"async\" class=\"swiper-slide-image\" src=\"https:\/\/sanjuanbosco.es\/wp-content\/uploads\/2023\/04\/1681115187646-FLOR-DEL-DESIERTO1024_1-150x150.jpg\" alt=\"1681115187646-FLOR DEL DESIERTO1024_1\" \/><\/figure><\/div><div class=\"swiper-slide\"><figure class=\"swiper-slide-inner\"><img decoding=\"async\" class=\"swiper-slide-image\" src=\"https:\/\/sanjuanbosco.es\/wp-content\/uploads\/2023\/04\/1681115207706-LUIS-JAE\u00a6uN-VARELA1024_1-150x150.jpg\" alt=\"1681115207706-LUIS JAE\u00a6\u00fcN VARELA1024_1\" \/><\/figure><\/div><div class=\"swiper-slide\"><figure class=\"swiper-slide-inner\"><img decoding=\"async\" class=\"swiper-slide-image\" src=\"https:\/\/sanjuanbosco.es\/wp-content\/uploads\/2023\/04\/1681115214396-MICRORRELATOS1024_1-150x150.jpg\" alt=\"1681115214396-MICRORRELATOS1024_1\" \/><\/figure><\/div><div class=\"swiper-slide\"><figure class=\"swiper-slide-inner\"><img decoding=\"async\" class=\"swiper-slide-image\" src=\"https:\/\/sanjuanbosco.es\/wp-content\/uploads\/2023\/04\/1681115217540-PAN-GUERRA1024_1-150x150.jpg\" alt=\"1681115217540-PAN GUERRA1024_1\" \/><\/figure><\/div><div class=\"swiper-slide\"><figure class=\"swiper-slide-inner\"><img decoding=\"async\" class=\"swiper-slide-image\" src=\"https:\/\/sanjuanbosco.es\/wp-content\/uploads\/2023\/04\/ERNESTO-DEL-MORAL1024_1-150x150.jpg\" alt=\"ERNESTO DEL MORAL1024_1\" \/><\/figure><\/div><div class=\"swiper-slide\"><figure class=\"swiper-slide-inner\"><img decoding=\"async\" class=\"swiper-slide-image\" src=\"https:\/\/sanjuanbosco.es\/wp-content\/uploads\/2023\/04\/GOETHE1024_1-150x150.jpg\" alt=\"GOETHE1024_1\" \/><\/figure><\/div><div class=\"swiper-slide\"><figure class=\"swiper-slide-inner\"><img decoding=\"async\" class=\"swiper-slide-image\" src=\"https:\/\/sanjuanbosco.es\/wp-content\/uploads\/2023\/04\/HIPO\u00a6uLITO-GARCI\u00a6uA1024_1-150x150.jpg\" alt=\"HIPO\u00a6\u00fcLITO GARCI\u00a6\u00fcA1024_1\" \/><\/figure><\/div><div class=\"swiper-slide\"><figure class=\"swiper-slide-inner\"><img decoding=\"async\" class=\"swiper-slide-image\" src=\"https:\/\/sanjuanbosco.es\/wp-content\/uploads\/2023\/04\/MARI\u00a6uA-QUERIDA.1024_1-150x150.jpg\" alt=\"MARI\u00a6\u00fcA QUERIDA.1024_1\" \/><\/figure><\/div><div class=\"swiper-slide\"><figure class=\"swiper-slide-inner\"><img decoding=\"async\" class=\"swiper-slide-image\" src=\"https:\/\/sanjuanbosco.es\/wp-content\/uploads\/2023\/04\/SR.-KEATING1024_1-150x150.jpg\" alt=\"SR. KEATING1024_1\" \/><\/figure><\/div>\t\t\t<\/div>\n\t\t\t\t\t\t\t\t\t\t\t\t<div class=\"swiper-pagination\"><\/div>\n\t\t\t\t\t\t\t\t\t\t\t\t\t<div class=\"elementor-swiper-button elementor-swiper-button-prev\">\n\t\t\t\t\t\t<i aria-hidden=\"true\" class=\"eicon-chevron-left\"><\/i>\t\t\t\t\t\t<span class=\"elementor-screen-only\">Anterior<\/span>\n\t\t\t\t\t<\/div>\n\t\t\t\t\t<div class=\"elementor-swiper-button elementor-swiper-button-next\">\n\t\t\t\t\t\t<i aria-hidden=\"true\" class=\"eicon-chevron-right\"><\/i>\t\t\t\t\t\t<span class=\"elementor-screen-only\">Siguiente<\/span>\n\t\t\t\t\t<\/div>\n\t\t\t\t\t\t\t\t\t<\/div>\n\t\t\t\t<\/div>\n\t\t\t\t<\/div>\n\t\t\t\t\t<\/div>\n\t\t<\/div>\n\t\t\t\t\t\t\t<\/div>\n\t\t<\/section>\n\t\t\t\t\t\t\t<\/div>\n\t\t","protected":false},"excerpt":{"rendered":"<p>Abril es el mes del libro y de la biblioteca<span class=\"more-button\"><a href=\"https:\/\/sanjuanbosco.es\/?p=12139\" class=\"more-link\">Seguir leyendo<span class=\"screen-reader-text\">Abril: mes del libro y biblioteca en el IES San Juan Bosco<\/span><\/a><\/span><\/p>\n","protected":false},"author":2,"featured_media":12142,"comment_status":"open","ping_status":"open","sticky":false,"template":"","format":"standard","meta":{"_background_id":0,"_xo_background":[],"ngg_post_thumbnail":0},"categories":[35],"tags":[],"_links":{"self":[{"href":"https:\/\/sanjuanbosco.es\/index.php?rest_route=\/wp\/v2\/posts\/12139"}],"collection":[{"href":"https:\/\/sanjuanbosco.es\/index.php?rest_route=\/wp\/v2\/posts"}],"about":[{"href":"https:\/\/sanjuanbosco.es\/index.php?rest_route=\/wp\/v2\/types\/post"}],"author":[{"embeddable":true,"href":"https:\/\/sanjuanbosco.es\/index.php?rest_route=\/wp\/v2\/users\/2"}],"replies":[{"embeddable":true,"href":"https:\/\/sanjuanbosco.es\/index.php?rest_route=%2Fwp%2Fv2%2Fcomments&post=12139"}],"version-history":[{"count":5,"href":"https:\/\/sanjuanbosco.es\/index.php?rest_route=\/wp\/v2\/posts\/12139\/revisions"}],"predecessor-version":[{"id":12586,"href":"https:\/\/sanjuanbosco.es\/index.php?rest_route=\/wp\/v2\/posts\/12139\/revisions\/12586"}],"wp:featuredmedia":[{"embeddable":true,"href":"https:\/\/sanjuanbosco.es\/index.php?rest_route=\/wp\/v2\/media\/12142"}],"wp:attachment":[{"href":"https:\/\/sanjuanbosco.es\/index.php?rest_route=%2Fwp%2Fv2%2Fmedia&parent=12139"}],"wp:term":[{"taxonomy":"category","embeddable":true,"href":"https:\/\/sanjuanbosco.es\/index.php?rest_route=%2Fwp%2Fv2%2Fcategories&post=12139"},{"taxonomy":"post_tag","embeddable":true,"href":"https:\/\/sanjuanbosco.es\/index.php?rest_route=%2Fwp%2Fv2%2Ftags&post=12139"}],"curies":[{"name":"wp","href":"https:\/\/api.w.org\/{rel}","templated":true}]}}