{"id":12459,"date":"2023-05-04T16:14:58","date_gmt":"2023-05-04T14:14:58","guid":{"rendered":"https:\/\/sanjuanbosco.es\/?p=12459"},"modified":"2023-05-16T09:59:43","modified_gmt":"2023-05-16T07:59:43","slug":"calendario-de-escolarizacion-para-formacion-profesional-curso-23-24","status":"publish","type":"post","link":"https:\/\/sanjuanbosco.es\/?p=12459","title":{"rendered":"Calendario de Escolarizaci\u00f3n para Formaci\u00f3n Profesional &#8211; Curso 23 &#8211; 24"},"content":{"rendered":"\t\t<div data-elementor-type=\"wp-post\" data-elementor-id=\"12459\" class=\"elementor elementor-12459\">\n\t\t\t\t\t\t\t\t\t<section class=\"elementor-section elementor-top-section elementor-element elementor-element-a62a319 elementor-section-boxed elementor-section-height-default elementor-section-height-default\" data-id=\"a62a319\" data-element_type=\"section\">\n\t\t\t\t\t\t<div class=\"elementor-container elementor-column-gap-default\">\n\t\t\t\t\t<div class=\"elementor-column elementor-col-100 elementor-top-column elementor-element elementor-element-8ff7f49\" data-id=\"8ff7f49\" data-element_type=\"column\">\n\t\t\t<div class=\"elementor-widget-wrap elementor-element-populated\">\n\t\t\t\t\t\t\t\t<div class=\"elementor-element elementor-element-249d06f elementor-widget elementor-widget-image\" data-id=\"249d06f\" data-element_type=\"widget\" data-widget_type=\"image.default\">\n\t\t\t\t<div class=\"elementor-widget-container\">\n\t\t\t\t\t\t\t\t\t\t\t\t\t\t\t<img decoding=\"async\" width=\"1024\" height=\"726\" src=\"https:\/\/sanjuanbosco.es\/wp-content\/uploads\/2023\/05\/2023-03-27-Calendarios-2023-2024-V09-General-Junio1024_1.jpg\" class=\"attachment-large size-large\" alt=\"\" loading=\"lazy\" srcset=\"https:\/\/sanjuanbosco.es\/wp-content\/uploads\/2023\/05\/2023-03-27-Calendarios-2023-2024-V09-General-Junio1024_1.jpg 1024w, https:\/\/sanjuanbosco.es\/wp-content\/uploads\/2023\/05\/2023-03-27-Calendarios-2023-2024-V09-General-Junio1024_1-300x213.jpg 300w, https:\/\/sanjuanbosco.es\/wp-content\/uploads\/2023\/05\/2023-03-27-Calendarios-2023-2024-V09-General-Junio1024_1-768x545.jpg 768w\" sizes=\"(max-width: 1024px) 100vw, 1024px\" \/>\t\t\t\t\t\t\t\t\t\t\t\t\t\t\t<\/div>\n\t\t\t\t<\/div>\n\t\t\t\t\t<\/div>\n\t\t<\/div>\n\t\t\t\t\t\t\t<\/div>\n\t\t<\/section>\n\t\t\t\t<section class=\"elementor-section elementor-top-section elementor-element elementor-element-639d8eb elementor-section-boxed elementor-section-height-default elementor-section-height-default\" data-id=\"639d8eb\" data-element_type=\"section\">\n\t\t\t\t\t\t<div class=\"elementor-container elementor-column-gap-default\">\n\t\t\t\t\t<div class=\"elementor-column elementor-col-100 elementor-top-column elementor-element elementor-element-138e68f\" data-id=\"138e68f\" data-element_type=\"column\">\n\t\t\t<div class=\"elementor-widget-wrap elementor-element-populated\">\n\t\t\t\t\t\t\t\t<div class=\"elementor-element elementor-element-80ca317 elementor-widget elementor-widget-text-editor\" data-id=\"80ca317\" data-element_type=\"widget\" data-widget_type=\"text-editor.default\">\n\t\t\t\t<div class=\"elementor-widget-container\">\n\t\t\t\t\t\t\t<p>Ya se encuentran publicadas las fechas para la presentaci\u00f3n de solicitudes para cursar Ciclos Formativos de Grado B\u00e1sico, Grado Medio y Grado Superior, as\u00ed como los diferentes cursos de especializaci\u00f3n y diferentes modalidades para el pr\u00f3ximo curso 2023 &#8211; 2024.\u00a0<\/p><p>\u00a1\u00a1Presta atenci\u00f3n y que no se te pase el plazo!!<\/p><p>\u00a1\u00a1Os esperamos en el IES San Juan Bosco!!<\/p>\t\t\t\t\t\t<\/div>\n\t\t\t\t<\/div>\n\t\t\t\t\t<\/div>\n\t\t<\/div>\n\t\t\t\t\t\t\t<\/div>\n\t\t<\/section>\n\t\t\t\t\t\t\t<\/div>\n\t\t","protected":false},"excerpt":{"rendered":"<p>Ya se encuentran publicadas las fechas para la presentaci\u00f3n de<span class=\"more-button\"><a href=\"https:\/\/sanjuanbosco.es\/?p=12459\" class=\"more-link\">Seguir leyendo<span class=\"screen-reader-text\">Calendario de Escolarizaci\u00f3n para Formaci\u00f3n Profesional &#8211; Curso 23 &#8211; 24<\/span><\/a><\/span><\/p>\n","protected":false},"author":2,"featured_media":12460,"comment_status":"open","ping_status":"open","sticky":false,"template":"","format":"standard","meta":{"_background_id":0,"_xo_background":[],"ngg_post_thumbnail":0},"categories":[1],"tags":[],"_links":{"self":[{"href":"https:\/\/sanjuanbosco.es\/index.php?rest_route=\/wp\/v2\/posts\/12459"}],"collection":[{"href":"https:\/\/sanjuanbosco.es\/index.php?rest_route=\/wp\/v2\/posts"}],"about":[{"href":"https:\/\/sanjuanbosco.es\/index.php?rest_route=\/wp\/v2\/types\/post"}],"author":[{"embeddable":true,"href":"https:\/\/sanjuanbosco.es\/index.php?rest_route=\/wp\/v2\/users\/2"}],"replies":[{"embeddable":true,"href":"https:\/\/sanjuanbosco.es\/index.php?rest_route=%2Fwp%2Fv2%2Fcomments&post=12459"}],"version-history":[{"count":5,"href":"https:\/\/sanjuanbosco.es\/index.php?rest_route=\/wp\/v2\/posts\/12459\/revisions"}],"predecessor-version":[{"id":12608,"href":"https:\/\/sanjuanbosco.es\/index.php?rest_route=\/wp\/v2\/posts\/12459\/revisions\/12608"}],"wp:featuredmedia":[{"embeddable":true,"href":"https:\/\/sanjuanbosco.es\/index.php?rest_route=\/wp\/v2\/media\/12460"}],"wp:attachment":[{"href":"https:\/\/sanjuanbosco.es\/index.php?rest_route=%2Fwp%2Fv2%2Fmedia&parent=12459"}],"wp:term":[{"taxonomy":"category","embeddable":true,"href":"https:\/\/sanjuanbosco.es\/index.php?rest_route=%2Fwp%2Fv2%2Fcategories&post=12459"},{"taxonomy":"post_tag","embeddable":true,"href":"https:\/\/sanjuanbosco.es\/index.php?rest_route=%2Fwp%2Fv2%2Ftags&post=12459"}],"curies":[{"name":"wp","href":"https:\/\/api.w.org\/{rel}","templated":true}]}}