{"id":12571,"date":"2023-05-12T12:12:00","date_gmt":"2023-05-12T10:12:00","guid":{"rendered":"https:\/\/sanjuanbosco.es\/?p=12571"},"modified":"2023-05-12T12:18:00","modified_gmt":"2023-05-12T10:18:00","slug":"colaboracion-con-la-universidad-popular-de-jaen","status":"publish","type":"post","link":"https:\/\/sanjuanbosco.es\/?p=12571","title":{"rendered":"Colaboraci\u00f3n con la Universidad Popular de Ja\u00e9n"},"content":{"rendered":"\t\t<div data-elementor-type=\"wp-post\" data-elementor-id=\"12571\" class=\"elementor elementor-12571\">\n\t\t\t\t\t\t\t\t\t<section class=\"elementor-section elementor-top-section elementor-element elementor-element-2c4eda1 elementor-section-boxed elementor-section-height-default elementor-section-height-default\" data-id=\"2c4eda1\" data-element_type=\"section\">\n\t\t\t\t\t\t<div class=\"elementor-container elementor-column-gap-default\">\n\t\t\t\t\t<div class=\"elementor-column elementor-col-100 elementor-top-column elementor-element elementor-element-adaa843\" data-id=\"adaa843\" data-element_type=\"column\">\n\t\t\t<div class=\"elementor-widget-wrap elementor-element-populated\">\n\t\t\t\t\t\t\t\t<div class=\"elementor-element elementor-element-4ff9596 elementor-widget elementor-widget-text-editor\" data-id=\"4ff9596\" data-element_type=\"widget\" data-widget_type=\"text-editor.default\">\n\t\t\t\t<div class=\"elementor-widget-container\">\n\t\t\t\t\t\t\t<p>El alumnado de 1\u00ba de Ciclo Formativo de Grado Superior de Estilismo y Direcci\u00f3n de Peluquer\u00eda, colabor\u00f3 con alumnado de la Universidad Popular de Ja\u00e9n en un curso &#8211; proyecto fotogr\u00e1fico, cuyo resultado compartimos en esta entrada para que se pueda comprobar las capacidades profesionales que nuestro alumnado es capaz de desarrollar en el mencionado ciclo formativo.\u00a0<\/p><p>Si tu sue\u00f1o siempre ha sido el mundo de la Imagen Personal, no te lo pienses m\u00e1s y matric\u00falate en cualquiera de nuestros ciclos formativos de grado medio y\/o superior de nuestras familias profesionales, tanto Sanidad como Imagen Personal, muestras del trabajo que se realiza y que os dejamos para que lo pod\u00e1is comprobar por vuestros propios medios.<\/p><p>\u00a1\u00a1No te lo pienses m\u00e1s, el IES San Juan Bosco es tu lugar para empezar tu desarrollo al amparo de la Formaci\u00f3n Profesional!!<\/p><p>PD.- Dicha muestra fotogr\u00e1fica pod\u00e9is visitarla in situ, en la Universidad Popular hasta el pr\u00f3ximo 24 de mayo.<\/p>\t\t\t\t\t\t<\/div>\n\t\t\t\t<\/div>\n\t\t\t\t\t<\/div>\n\t\t<\/div>\n\t\t\t\t\t\t\t<\/div>\n\t\t<\/section>\n\t\t\t\t<section class=\"elementor-section elementor-top-section elementor-element elementor-element-e3e0e69 elementor-section-boxed elementor-section-height-default elementor-section-height-default\" data-id=\"e3e0e69\" data-element_type=\"section\">\n\t\t\t\t\t\t<div class=\"elementor-container elementor-column-gap-default\">\n\t\t\t\t\t<div class=\"elementor-column elementor-col-100 elementor-top-column elementor-element elementor-element-234d13a\" data-id=\"234d13a\" data-element_type=\"column\">\n\t\t\t<div class=\"elementor-widget-wrap elementor-element-populated\">\n\t\t\t\t\t\t\t\t<div class=\"elementor-element elementor-element-a325749 elementor-arrows-position-inside elementor-pagination-position-outside elementor-widget elementor-widget-image-carousel\" data-id=\"a325749\" data-element_type=\"widget\" data-settings=\"{&quot;navigation&quot;:&quot;both&quot;,&quot;autoplay&quot;:&quot;yes&quot;,&quot;pause_on_hover&quot;:&quot;yes&quot;,&quot;pause_on_interaction&quot;:&quot;yes&quot;,&quot;autoplay_speed&quot;:5000,&quot;infinite&quot;:&quot;yes&quot;,&quot;speed&quot;:500}\" data-widget_type=\"image-carousel.default\">\n\t\t\t\t<div class=\"elementor-widget-container\">\n\t\t\t\t\t<div class=\"elementor-image-carousel-wrapper swiper-container\" dir=\"ltr\">\n\t\t\t<div class=\"elementor-image-carousel swiper-wrapper\">\n\t\t\t\t\t\t\t\t<div class=\"swiper-slide\"><figure class=\"swiper-slide-inner\"><img decoding=\"async\" class=\"swiper-slide-image\" src=\"https:\/\/sanjuanbosco.es\/wp-content\/uploads\/2023\/05\/PHOTO-2023-05-12-10-55-04-150x150.jpg\" alt=\"PHOTO-2023-05-12-10-55-04\" \/><\/figure><\/div><div class=\"swiper-slide\"><figure class=\"swiper-slide-inner\"><img decoding=\"async\" class=\"swiper-slide-image\" src=\"https:\/\/sanjuanbosco.es\/wp-content\/uploads\/2023\/05\/PHOTO-2023-05-12-10-55-04-2-150x150.jpg\" alt=\"PHOTO-2023-05-12-10-55-04 (2)\" \/><\/figure><\/div><div class=\"swiper-slide\"><figure class=\"swiper-slide-inner\"><img decoding=\"async\" class=\"swiper-slide-image\" src=\"https:\/\/sanjuanbosco.es\/wp-content\/uploads\/2023\/05\/PHOTO-2023-05-12-10-55-04-1-150x150.jpg\" alt=\"PHOTO-2023-05-12-10-55-04 (1)\" \/><\/figure><\/div><div class=\"swiper-slide\"><figure class=\"swiper-slide-inner\"><img decoding=\"async\" class=\"swiper-slide-image\" src=\"https:\/\/sanjuanbosco.es\/wp-content\/uploads\/2023\/05\/PHOTO-2023-05-12-10-55-03-150x150.jpg\" alt=\"PHOTO-2023-05-12-10-55-03\" \/><\/figure><\/div><div class=\"swiper-slide\"><figure class=\"swiper-slide-inner\"><img decoding=\"async\" class=\"swiper-slide-image\" src=\"https:\/\/sanjuanbosco.es\/wp-content\/uploads\/2023\/05\/PHOTO-2023-05-12-10-55-03-3-150x150.jpg\" alt=\"PHOTO-2023-05-12-10-55-03 (3)\" \/><\/figure><\/div><div class=\"swiper-slide\"><figure class=\"swiper-slide-inner\"><img decoding=\"async\" class=\"swiper-slide-image\" src=\"https:\/\/sanjuanbosco.es\/wp-content\/uploads\/2023\/05\/PHOTO-2023-05-12-10-55-03-2-150x150.jpg\" alt=\"PHOTO-2023-05-12-10-55-03 (2)\" \/><\/figure><\/div><div class=\"swiper-slide\"><figure class=\"swiper-slide-inner\"><img decoding=\"async\" class=\"swiper-slide-image\" src=\"https:\/\/sanjuanbosco.es\/wp-content\/uploads\/2023\/05\/PHOTO-2023-05-12-10-55-03-1-150x150.jpg\" alt=\"PHOTO-2023-05-12-10-55-03 (1)\" \/><\/figure><\/div><div class=\"swiper-slide\"><figure class=\"swiper-slide-inner\"><img decoding=\"async\" class=\"swiper-slide-image\" src=\"https:\/\/sanjuanbosco.es\/wp-content\/uploads\/2023\/05\/PHOTO-2023-05-12-10-55-02-150x150.jpg\" alt=\"PHOTO-2023-05-12-10-55-02\" \/><\/figure><\/div>\t\t\t<\/div>\n\t\t\t\t\t\t\t\t\t\t\t\t<div class=\"swiper-pagination\"><\/div>\n\t\t\t\t\t\t\t\t\t\t\t\t\t<div class=\"elementor-swiper-button elementor-swiper-button-prev\">\n\t\t\t\t\t\t<i aria-hidden=\"true\" class=\"eicon-chevron-left\"><\/i>\t\t\t\t\t\t<span class=\"elementor-screen-only\">Anterior<\/span>\n\t\t\t\t\t<\/div>\n\t\t\t\t\t<div class=\"elementor-swiper-button elementor-swiper-button-next\">\n\t\t\t\t\t\t<i aria-hidden=\"true\" class=\"eicon-chevron-right\"><\/i>\t\t\t\t\t\t<span class=\"elementor-screen-only\">Siguiente<\/span>\n\t\t\t\t\t<\/div>\n\t\t\t\t\t\t\t\t\t<\/div>\n\t\t\t\t<\/div>\n\t\t\t\t<\/div>\n\t\t\t\t\t<\/div>\n\t\t<\/div>\n\t\t\t\t\t\t\t<\/div>\n\t\t<\/section>\n\t\t\t\t\t\t\t<\/div>\n\t\t","protected":false},"excerpt":{"rendered":"<p>El alumnado de 1\u00ba de Ciclo Formativo de Grado Superior<span class=\"more-button\"><a href=\"https:\/\/sanjuanbosco.es\/?p=12571\" class=\"more-link\">Seguir leyendo<span class=\"screen-reader-text\">Colaboraci\u00f3n con la Universidad Popular de Ja\u00e9n<\/span><\/a><\/span><\/p>\n","protected":false},"author":2,"featured_media":12573,"comment_status":"open","ping_status":"open","sticky":false,"template":"","format":"standard","meta":{"_background_id":0,"_xo_background":[],"ngg_post_thumbnail":0},"categories":[1],"tags":[],"_links":{"self":[{"href":"https:\/\/sanjuanbosco.es\/index.php?rest_route=\/wp\/v2\/posts\/12571"}],"collection":[{"href":"https:\/\/sanjuanbosco.es\/index.php?rest_route=\/wp\/v2\/posts"}],"about":[{"href":"https:\/\/sanjuanbosco.es\/index.php?rest_route=\/wp\/v2\/types\/post"}],"author":[{"embeddable":true,"href":"https:\/\/sanjuanbosco.es\/index.php?rest_route=\/wp\/v2\/users\/2"}],"replies":[{"embeddable":true,"href":"https:\/\/sanjuanbosco.es\/index.php?rest_route=%2Fwp%2Fv2%2Fcomments&post=12571"}],"version-history":[{"count":4,"href":"https:\/\/sanjuanbosco.es\/index.php?rest_route=\/wp\/v2\/posts\/12571\/revisions"}],"predecessor-version":[{"id":12583,"href":"https:\/\/sanjuanbosco.es\/index.php?rest_route=\/wp\/v2\/posts\/12571\/revisions\/12583"}],"wp:featuredmedia":[{"embeddable":true,"href":"https:\/\/sanjuanbosco.es\/index.php?rest_route=\/wp\/v2\/media\/12573"}],"wp:attachment":[{"href":"https:\/\/sanjuanbosco.es\/index.php?rest_route=%2Fwp%2Fv2%2Fmedia&parent=12571"}],"wp:term":[{"taxonomy":"category","embeddable":true,"href":"https:\/\/sanjuanbosco.es\/index.php?rest_route=%2Fwp%2Fv2%2Fcategories&post=12571"},{"taxonomy":"post_tag","embeddable":true,"href":"https:\/\/sanjuanbosco.es\/index.php?rest_route=%2Fwp%2Fv2%2Ftags&post=12571"}],"curies":[{"name":"wp","href":"https:\/\/api.w.org\/{rel}","templated":true}]}}