{"id":12610,"date":"2023-05-16T12:12:36","date_gmt":"2023-05-16T10:12:36","guid":{"rendered":"https:\/\/sanjuanbosco.es\/?p=12610"},"modified":"2023-05-29T10:09:15","modified_gmt":"2023-05-29T08:09:15","slug":"resolucion-provisional-ayudas-individualizadas-al-transporte-escolar-21-22","status":"publish","type":"post","link":"https:\/\/sanjuanbosco.es\/?p=12610","title":{"rendered":"Resoluci\u00f3n provisional Ayudas Individualizadas al Transporte Escolar 21 &#8211; 22"},"content":{"rendered":"\t\t<div data-elementor-type=\"wp-post\" data-elementor-id=\"12610\" class=\"elementor elementor-12610\">\n\t\t\t\t\t\t\t\t\t<section class=\"elementor-section elementor-top-section elementor-element elementor-element-59dc410 elementor-section-boxed elementor-section-height-default elementor-section-height-default\" data-id=\"59dc410\" data-element_type=\"section\">\n\t\t\t\t\t\t<div class=\"elementor-container elementor-column-gap-default\">\n\t\t\t\t\t<div class=\"elementor-column elementor-col-100 elementor-top-column elementor-element elementor-element-de958a8\" data-id=\"de958a8\" data-element_type=\"column\">\n\t\t\t<div class=\"elementor-widget-wrap elementor-element-populated\">\n\t\t\t\t\t\t\t\t<div class=\"elementor-element elementor-element-a131c85 elementor-widget elementor-widget-text-editor\" data-id=\"a131c85\" data-element_type=\"widget\" data-widget_type=\"text-editor.default\">\n\t\t\t\t<div class=\"elementor-widget-container\">\n\t\t\t\t\t\t\t<p>Os informamos que desde la Consejer\u00eda de Desarrollo Educativo y Formaci\u00f3n Profesional se ha publicado la <strong>Resoluci\u00f3n Provisional<\/strong>&nbsp;de alumnado beneficiario y denegado de la convocatoria de&nbsp;<strong>Ayudas Individualizadas para el Transporte Escolar<\/strong>&nbsp;para el curso&nbsp;<strong>2021\/2022<\/strong>. Esta misma comunicaci\u00f3n se os ha realizado a cada uno de los solicitantes a trav\u00e9s de los medios indicados en su solicitud.<\/p>\n<p>Los alumnos podr\u00e1n realizar la&nbsp;<strong>consulta del estado de su solicitud en el portal web de becas y ayudas al estudio<\/strong>, \u2018Consulta e Informaci\u00f3n\u2019, introduciendo el n\u00famero de NIF o NIE y la fecha de nacimiento del alumno\/a para el que se solicit\u00f3 la ayuda.<\/p>\n<p>Contra este acto administrativo podr\u00e1n presentar las alegaciones que estimen oportunas ante la Comisi\u00f3n Provincial de Selecci\u00f3n que tramit\u00f3 su solicitud, en el plazo de&nbsp;<strong>10 d\u00edas h\u00e1biles<\/strong>&nbsp;a partir del d\u00eda siguiente a la fecha de publicaci\u00f3n de esta propuesta provisional (<strong>del 17 al 30 de mayo de 2023<\/strong>). Dichas alegaciones podr\u00e1n presentarse, preferentemente, a trav\u00e9s de la secretar\u00eda virtual de la Consejer\u00eda de Desarrollo Educativo y Formaci\u00f3n Profesional.(<a href=\"https:\/\/www.juntadeandalucia.es\/educacion\/secretariavirtual\" target=\"_blank\" rel=\"noopener noreferrer\">https:\/\/www.juntadeandalucia.es\/educacion\/secretariavirtual<\/a>). Ser\u00eda interesante quien desee presentar alegaci\u00f3n que lo haga a trav\u00e9s de la secretar\u00eda virtual, ya que su tramitaci\u00f3n y resoluci\u00f3n se realiza de una forma m\u00e1s directa y r\u00e1pida.<\/p>\t\t\t\t\t\t<\/div>\n\t\t\t\t<\/div>\n\t\t\t\t\t<\/div>\n\t\t<\/div>\n\t\t\t\t\t\t\t<\/div>\n\t\t<\/section>\n\t\t\t\t\t\t\t<\/div>\n\t\t","protected":false},"excerpt":{"rendered":"<p>Os informamos que desde la Consejer\u00eda de Desarrollo Educativo y<span class=\"more-button\"><a href=\"https:\/\/sanjuanbosco.es\/?p=12610\" class=\"more-link\">Seguir leyendo<span class=\"screen-reader-text\">Resoluci\u00f3n provisional Ayudas Individualizadas al Transporte Escolar 21 &#8211; 22<\/span><\/a><\/span><\/p>\n","protected":false},"author":2,"featured_media":12611,"comment_status":"open","ping_status":"open","sticky":false,"template":"","format":"standard","meta":{"_background_id":0,"_xo_background":[],"ngg_post_thumbnail":0},"categories":[1],"tags":[],"_links":{"self":[{"href":"https:\/\/sanjuanbosco.es\/index.php?rest_route=\/wp\/v2\/posts\/12610"}],"collection":[{"href":"https:\/\/sanjuanbosco.es\/index.php?rest_route=\/wp\/v2\/posts"}],"about":[{"href":"https:\/\/sanjuanbosco.es\/index.php?rest_route=\/wp\/v2\/types\/post"}],"author":[{"embeddable":true,"href":"https:\/\/sanjuanbosco.es\/index.php?rest_route=\/wp\/v2\/users\/2"}],"replies":[{"embeddable":true,"href":"https:\/\/sanjuanbosco.es\/index.php?rest_route=%2Fwp%2Fv2%2Fcomments&post=12610"}],"version-history":[{"count":8,"href":"https:\/\/sanjuanbosco.es\/index.php?rest_route=\/wp\/v2\/posts\/12610\/revisions"}],"predecessor-version":[{"id":13092,"href":"https:\/\/sanjuanbosco.es\/index.php?rest_route=\/wp\/v2\/posts\/12610\/revisions\/13092"}],"wp:featuredmedia":[{"embeddable":true,"href":"https:\/\/sanjuanbosco.es\/index.php?rest_route=\/wp\/v2\/media\/12611"}],"wp:attachment":[{"href":"https:\/\/sanjuanbosco.es\/index.php?rest_route=%2Fwp%2Fv2%2Fmedia&parent=12610"}],"wp:term":[{"taxonomy":"category","embeddable":true,"href":"https:\/\/sanjuanbosco.es\/index.php?rest_route=%2Fwp%2Fv2%2Fcategories&post=12610"},{"taxonomy":"post_tag","embeddable":true,"href":"https:\/\/sanjuanbosco.es\/index.php?rest_route=%2Fwp%2Fv2%2Ftags&post=12610"}],"curies":[{"name":"wp","href":"https:\/\/api.w.org\/{rel}","templated":true}]}}