{"id":12731,"date":"2023-05-19T12:56:43","date_gmt":"2023-05-19T10:56:43","guid":{"rendered":"https:\/\/sanjuanbosco.es\/?p=12731"},"modified":"2023-05-29T10:08:39","modified_gmt":"2023-05-29T08:08:39","slug":"paula-el-cortometraje-del-ies-san-juan-bosco-en-el-vii-concurso-juvenil-de-cortometrajes-fantasticos-de-monachil","status":"publish","type":"post","link":"https:\/\/sanjuanbosco.es\/?p=12731","title":{"rendered":"PAULA: el cortometraje del IES San Juan Bosco en el VII Concurso Juvenil de Cortometrajes Fant\u00e1sticos de Monachil"},"content":{"rendered":"\t\t<div data-elementor-type=\"wp-post\" data-elementor-id=\"12731\" class=\"elementor elementor-12731\">\n\t\t\t\t\t\t\t\t\t<section class=\"elementor-section elementor-top-section elementor-element elementor-element-5f7d124 elementor-section-boxed elementor-section-height-default elementor-section-height-default\" data-id=\"5f7d124\" data-element_type=\"section\">\n\t\t\t\t\t\t<div class=\"elementor-container elementor-column-gap-default\">\n\t\t\t\t\t<div class=\"elementor-column elementor-col-100 elementor-top-column elementor-element elementor-element-93fd91f\" data-id=\"93fd91f\" data-element_type=\"column\">\n\t\t\t<div class=\"elementor-widget-wrap elementor-element-populated\">\n\t\t\t\t\t\t\t\t<div class=\"elementor-element elementor-element-76b6c2e elementor-widget elementor-widget-image\" data-id=\"76b6c2e\" data-element_type=\"widget\" data-widget_type=\"image.default\">\n\t\t\t\t<div class=\"elementor-widget-container\">\n\t\t\t\t\t\t\t\t\t\t\t\t\t\t\t<img decoding=\"async\" width=\"1024\" height=\"723\" src=\"https:\/\/sanjuanbosco.es\/wp-content\/uploads\/2023\/05\/SELECCION-OFICIAL-MONACHIL-JUVENIL-2023-copia-1024x723.png\" class=\"attachment-large size-large\" alt=\"\" loading=\"lazy\" srcset=\"https:\/\/sanjuanbosco.es\/wp-content\/uploads\/2023\/05\/SELECCION-OFICIAL-MONACHIL-JUVENIL-2023-copia-1024x723.png 1024w, https:\/\/sanjuanbosco.es\/wp-content\/uploads\/2023\/05\/SELECCION-OFICIAL-MONACHIL-JUVENIL-2023-copia-300x212.png 300w, https:\/\/sanjuanbosco.es\/wp-content\/uploads\/2023\/05\/SELECCION-OFICIAL-MONACHIL-JUVENIL-2023-copia-768x542.png 768w, https:\/\/sanjuanbosco.es\/wp-content\/uploads\/2023\/05\/SELECCION-OFICIAL-MONACHIL-JUVENIL-2023-copia.png 1532w\" sizes=\"(max-width: 1024px) 100vw, 1024px\" \/>\t\t\t\t\t\t\t\t\t\t\t\t\t\t\t<\/div>\n\t\t\t\t<\/div>\n\t\t\t\t\t<\/div>\n\t\t<\/div>\n\t\t\t\t\t\t\t<\/div>\n\t\t<\/section>\n\t\t\t\t<section class=\"elementor-section elementor-top-section elementor-element elementor-element-455cf8c elementor-section-boxed elementor-section-height-default elementor-section-height-default\" data-id=\"455cf8c\" data-element_type=\"section\">\n\t\t\t\t\t\t<div class=\"elementor-container elementor-column-gap-default\">\n\t\t\t\t\t<div class=\"elementor-column elementor-col-100 elementor-top-column elementor-element elementor-element-1ba9137\" data-id=\"1ba9137\" data-element_type=\"column\">\n\t\t\t<div class=\"elementor-widget-wrap elementor-element-populated\">\n\t\t\t\t\t\t\t\t<div class=\"elementor-element elementor-element-7fcc020 elementor-widget elementor-widget-text-editor\" data-id=\"7fcc020\" data-element_type=\"widget\" data-widget_type=\"text-editor.default\">\n\t\t\t\t<div class=\"elementor-widget-container\">\n\t\t\t\t\t\t\t<p>Hoy nos despertamos con una buen\u00edsima noticia para nuestra comunidad educativa, y en concreto para nuestro alumando de 2\u00ba de ESO y profesorado participante en la creaci\u00f3n de nuestro corto \u00abPaula\u00bb. Nuestro corto ha sido seleccionado para participar en el <strong>VII Concurso Juvenil de Cortometrajes Fant\u00e1sticos de Monachil.\u00a0<\/strong><\/p><p>Enhorabuena al profesorado participante en la realizaci\u00f3n de este corto, creando ellos mismos su gui\u00f3n; a Olalla Romacho, directora del corto y profesora del grupo y Sonia Mena, profesora del departamento de inform\u00e1tica y encargada de la edici\u00f3n y sonido.<\/p><p>\u00a1\u00a1Enhorabuena por el trabajo realizado, estamos enormemente orgullosos de vosotros \/-as!!<\/p><p>Os dejamos el enlace de la noticia:<\/p><p><a href=\"https:\/\/www.granadaesnoticia.com\/cultura\/medio-centenar-de-cortos-participan-en-el-vii-concurso-juvenil--de-cortometrajes-fantasticos-de-monachil\">https:\/\/www.granadaesnoticia.com\/cultura\/medio-centenar-de-cortos-participan-en-el-vii-concurso-juvenil&#8211;de-cortometrajes-fantasticos-de-monachil<\/a><\/p>\t\t\t\t\t\t<\/div>\n\t\t\t\t<\/div>\n\t\t\t\t\t<\/div>\n\t\t<\/div>\n\t\t\t\t\t\t\t<\/div>\n\t\t<\/section>\n\t\t\t\t\t\t\t<\/div>\n\t\t","protected":false},"excerpt":{"rendered":"<p>Hoy nos despertamos con una buen\u00edsima noticia para nuestra comunidad<span class=\"more-button\"><a href=\"https:\/\/sanjuanbosco.es\/?p=12731\" class=\"more-link\">Seguir leyendo<span class=\"screen-reader-text\">PAULA: el cortometraje del IES San Juan Bosco en el VII Concurso Juvenil de Cortometrajes Fant\u00e1sticos de Monachil<\/span><\/a><\/span><\/p>\n","protected":false},"author":2,"featured_media":12732,"comment_status":"open","ping_status":"open","sticky":false,"template":"","format":"standard","meta":{"_background_id":0,"_xo_background":[],"ngg_post_thumbnail":0},"categories":[1],"tags":[],"_links":{"self":[{"href":"https:\/\/sanjuanbosco.es\/index.php?rest_route=\/wp\/v2\/posts\/12731"}],"collection":[{"href":"https:\/\/sanjuanbosco.es\/index.php?rest_route=\/wp\/v2\/posts"}],"about":[{"href":"https:\/\/sanjuanbosco.es\/index.php?rest_route=\/wp\/v2\/types\/post"}],"author":[{"embeddable":true,"href":"https:\/\/sanjuanbosco.es\/index.php?rest_route=\/wp\/v2\/users\/2"}],"replies":[{"embeddable":true,"href":"https:\/\/sanjuanbosco.es\/index.php?rest_route=%2Fwp%2Fv2%2Fcomments&post=12731"}],"version-history":[{"count":8,"href":"https:\/\/sanjuanbosco.es\/index.php?rest_route=\/wp\/v2\/posts\/12731\/revisions"}],"predecessor-version":[{"id":13089,"href":"https:\/\/sanjuanbosco.es\/index.php?rest_route=\/wp\/v2\/posts\/12731\/revisions\/13089"}],"wp:featuredmedia":[{"embeddable":true,"href":"https:\/\/sanjuanbosco.es\/index.php?rest_route=\/wp\/v2\/media\/12732"}],"wp:attachment":[{"href":"https:\/\/sanjuanbosco.es\/index.php?rest_route=%2Fwp%2Fv2%2Fmedia&parent=12731"}],"wp:term":[{"taxonomy":"category","embeddable":true,"href":"https:\/\/sanjuanbosco.es\/index.php?rest_route=%2Fwp%2Fv2%2Fcategories&post=12731"},{"taxonomy":"post_tag","embeddable":true,"href":"https:\/\/sanjuanbosco.es\/index.php?rest_route=%2Fwp%2Fv2%2Ftags&post=12731"}],"curies":[{"name":"wp","href":"https:\/\/api.w.org\/{rel}","templated":true}]}}