{"id":13067,"date":"2023-05-26T17:48:13","date_gmt":"2023-05-26T15:48:13","guid":{"rendered":"https:\/\/sanjuanbosco.es\/?p=13067"},"modified":"2023-11-20T11:40:17","modified_gmt":"2023-11-20T09:40:17","slug":"cardiomaraton-en-el-ies-san-juan-bosco","status":"publish","type":"post","link":"https:\/\/sanjuanbosco.es\/?p=13067","title":{"rendered":"Cardiomarat\u00f3n en el IES San Juan Bosco"},"content":{"rendered":"\t\t<div data-elementor-type=\"wp-post\" data-elementor-id=\"13067\" class=\"elementor elementor-13067\">\n\t\t\t\t\t\t\t\t\t<section class=\"elementor-section elementor-top-section elementor-element elementor-element-417f1b0 elementor-section-boxed elementor-section-height-default elementor-section-height-default\" data-id=\"417f1b0\" data-element_type=\"section\">\n\t\t\t\t\t\t<div class=\"elementor-container elementor-column-gap-default\">\n\t\t\t\t\t<div class=\"elementor-column elementor-col-100 elementor-top-column elementor-element elementor-element-f42b553\" data-id=\"f42b553\" data-element_type=\"column\">\n\t\t\t<div class=\"elementor-widget-wrap elementor-element-populated\">\n\t\t\t\t\t\t\t\t<div class=\"elementor-element elementor-element-829f909 elementor-widget elementor-widget-text-editor\" data-id=\"829f909\" data-element_type=\"widget\" data-widget_type=\"text-editor.default\">\n\t\t\t\t<div class=\"elementor-widget-container\">\n\t\t\t\t\t\t\t<div>Los d\u00edas 15 y 17 de mayo tuvo lugar el I Cardiomarat\u00f3n del IES San Juan Bosco, organizado por el programa Forma Joven,\u00a0 nuestra enfermera de referencia\u00a0Lola Garc\u00eda y la colaboraci\u00f3n con el\u00a0Departamento de FOL.\u00a0 El objetivo de esta actividad fue el de dotar a nuestro alumnado de los conocimientos b\u00e1sicos para afrontar una situaci\u00f3n de emergencia como puede ser una parada cardiorespiratoria\u00a0o una situaci\u00f3n de atragantamiento.\u00a0\u00a0<\/div><div>\u00a0<\/div><div>En esta actividad participaron como formadores los alumnos de CAE, Farmacia y Laboratorio, que instruyeron a sus compa\u00f1eros de otros ciclos de la Familia de Imagen (Grados Medios de Peluquer\u00eda y Est\u00e9tica), Diet\u00e9tica y de 4\u00baESO.\u00a0<br \/>A continuaci\u00f3n os dejamos unas im\u00e1genes de esta bonita y saludable actividad.<br \/><br \/><\/div><p>\u00a1\u00a1Gracias a la coordinadora del Programa Forma Joven del centro, Elena Puertollano, a nuestra enfermera escolar Lola Garc\u00eda y al Departamento de FOL por su implicaci\u00f3n!!<\/p><p>\u00a1El Bosco m\u00e1s sano que nunca!<\/p><div>\u00a0<\/div>\t\t\t\t\t\t<\/div>\n\t\t\t\t<\/div>\n\t\t\t\t\t<\/div>\n\t\t<\/div>\n\t\t\t\t\t\t\t<\/div>\n\t\t<\/section>\n\t\t\t\t<section class=\"elementor-section elementor-top-section elementor-element elementor-element-481476d elementor-section-boxed elementor-section-height-default elementor-section-height-default\" data-id=\"481476d\" data-element_type=\"section\">\n\t\t\t\t\t\t<div class=\"elementor-container elementor-column-gap-default\">\n\t\t\t\t\t<div class=\"elementor-column elementor-col-100 elementor-top-column elementor-element elementor-element-d4c1627\" data-id=\"d4c1627\" data-element_type=\"column\">\n\t\t\t<div class=\"elementor-widget-wrap elementor-element-populated\">\n\t\t\t\t\t\t\t\t<div class=\"elementor-element elementor-element-cee92ee elementor-arrows-position-inside elementor-pagination-position-outside elementor-widget elementor-widget-image-carousel\" data-id=\"cee92ee\" data-element_type=\"widget\" data-settings=\"{&quot;navigation&quot;:&quot;both&quot;,&quot;autoplay&quot;:&quot;yes&quot;,&quot;pause_on_hover&quot;:&quot;yes&quot;,&quot;pause_on_interaction&quot;:&quot;yes&quot;,&quot;autoplay_speed&quot;:5000,&quot;infinite&quot;:&quot;yes&quot;,&quot;speed&quot;:500}\" data-widget_type=\"image-carousel.default\">\n\t\t\t\t<div class=\"elementor-widget-container\">\n\t\t\t\t\t<div class=\"elementor-image-carousel-wrapper swiper-container\" dir=\"ltr\">\n\t\t\t<div class=\"elementor-image-carousel swiper-wrapper\">\n\t\t\t\t\t\t\t\t<div class=\"swiper-slide\"><figure class=\"swiper-slide-inner\"><img decoding=\"async\" class=\"swiper-slide-image\" src=\"https:\/\/sanjuanbosco.es\/wp-content\/uploads\/2023\/05\/IMG-2788-150x150.jpg\" alt=\"IMG-2788\" \/><\/figure><\/div><div class=\"swiper-slide\"><figure class=\"swiper-slide-inner\"><img decoding=\"async\" class=\"swiper-slide-image\" src=\"https:\/\/sanjuanbosco.es\/wp-content\/uploads\/2023\/05\/IMG-2787-150x150.jpg\" alt=\"IMG-2787\" \/><\/figure><\/div><div class=\"swiper-slide\"><figure class=\"swiper-slide-inner\"><img decoding=\"async\" class=\"swiper-slide-image\" src=\"https:\/\/sanjuanbosco.es\/wp-content\/uploads\/2023\/05\/IMG-2783-150x150.jpg\" alt=\"IMG-2783\" \/><\/figure><\/div><div class=\"swiper-slide\"><figure class=\"swiper-slide-inner\"><img decoding=\"async\" class=\"swiper-slide-image\" src=\"https:\/\/sanjuanbosco.es\/wp-content\/uploads\/2023\/05\/IMG-2776-150x150.jpg\" alt=\"IMG-2776\" \/><\/figure><\/div><div class=\"swiper-slide\"><figure class=\"swiper-slide-inner\"><img decoding=\"async\" class=\"swiper-slide-image\" src=\"https:\/\/sanjuanbosco.es\/wp-content\/uploads\/2023\/05\/IMG-2770-150x150.jpg\" alt=\"IMG-2770\" \/><\/figure><\/div><div class=\"swiper-slide\"><figure class=\"swiper-slide-inner\"><img decoding=\"async\" class=\"swiper-slide-image\" src=\"https:\/\/sanjuanbosco.es\/wp-content\/uploads\/2023\/05\/IMG-2763-150x150.jpg\" alt=\"IMG-2763\" \/><\/figure><\/div><div class=\"swiper-slide\"><figure class=\"swiper-slide-inner\"><img decoding=\"async\" class=\"swiper-slide-image\" src=\"https:\/\/sanjuanbosco.es\/wp-content\/uploads\/2023\/05\/IMG-2750-150x150.jpg\" alt=\"IMG-2750\" \/><\/figure><\/div><div class=\"swiper-slide\"><figure class=\"swiper-slide-inner\"><img decoding=\"async\" class=\"swiper-slide-image\" src=\"https:\/\/sanjuanbosco.es\/wp-content\/uploads\/2023\/05\/IMG-2749-150x150.jpg\" alt=\"IMG-2749\" \/><\/figure><\/div>\t\t\t<\/div>\n\t\t\t\t\t\t\t\t\t\t\t\t<div class=\"swiper-pagination\"><\/div>\n\t\t\t\t\t\t\t\t\t\t\t\t\t<div class=\"elementor-swiper-button elementor-swiper-button-prev\">\n\t\t\t\t\t\t<i aria-hidden=\"true\" class=\"eicon-chevron-left\"><\/i>\t\t\t\t\t\t<span class=\"elementor-screen-only\">Anterior<\/span>\n\t\t\t\t\t<\/div>\n\t\t\t\t\t<div class=\"elementor-swiper-button elementor-swiper-button-next\">\n\t\t\t\t\t\t<i aria-hidden=\"true\" class=\"eicon-chevron-right\"><\/i>\t\t\t\t\t\t<span class=\"elementor-screen-only\">Siguiente<\/span>\n\t\t\t\t\t<\/div>\n\t\t\t\t\t\t\t\t\t<\/div>\n\t\t\t\t<\/div>\n\t\t\t\t<\/div>\n\t\t\t\t\t<\/div>\n\t\t<\/div>\n\t\t\t\t\t\t\t<\/div>\n\t\t<\/section>\n\t\t\t\t\t\t\t<\/div>\n\t\t","protected":false},"excerpt":{"rendered":"<p>Los d\u00edas 15 y 17 de mayo tuvo lugar el<span class=\"more-button\"><a href=\"https:\/\/sanjuanbosco.es\/?p=13067\" class=\"more-link\">Seguir leyendo<span class=\"screen-reader-text\">Cardiomarat\u00f3n en el IES San Juan Bosco<\/span><\/a><\/span><\/p>\n","protected":false},"author":2,"featured_media":13068,"comment_status":"open","ping_status":"open","sticky":false,"template":"","format":"standard","meta":{"_background_id":0,"_xo_background":[],"ngg_post_thumbnail":0},"categories":[1],"tags":[],"_links":{"self":[{"href":"https:\/\/sanjuanbosco.es\/index.php?rest_route=\/wp\/v2\/posts\/13067"}],"collection":[{"href":"https:\/\/sanjuanbosco.es\/index.php?rest_route=\/wp\/v2\/posts"}],"about":[{"href":"https:\/\/sanjuanbosco.es\/index.php?rest_route=\/wp\/v2\/types\/post"}],"author":[{"embeddable":true,"href":"https:\/\/sanjuanbosco.es\/index.php?rest_route=\/wp\/v2\/users\/2"}],"replies":[{"embeddable":true,"href":"https:\/\/sanjuanbosco.es\/index.php?rest_route=%2Fwp%2Fv2%2Fcomments&post=13067"}],"version-history":[{"count":8,"href":"https:\/\/sanjuanbosco.es\/index.php?rest_route=\/wp\/v2\/posts\/13067\/revisions"}],"predecessor-version":[{"id":13758,"href":"https:\/\/sanjuanbosco.es\/index.php?rest_route=\/wp\/v2\/posts\/13067\/revisions\/13758"}],"wp:featuredmedia":[{"embeddable":true,"href":"https:\/\/sanjuanbosco.es\/index.php?rest_route=\/wp\/v2\/media\/13068"}],"wp:attachment":[{"href":"https:\/\/sanjuanbosco.es\/index.php?rest_route=%2Fwp%2Fv2%2Fmedia&parent=13067"}],"wp:term":[{"taxonomy":"category","embeddable":true,"href":"https:\/\/sanjuanbosco.es\/index.php?rest_route=%2Fwp%2Fv2%2Fcategories&post=13067"},{"taxonomy":"post_tag","embeddable":true,"href":"https:\/\/sanjuanbosco.es\/index.php?rest_route=%2Fwp%2Fv2%2Ftags&post=13067"}],"curies":[{"name":"wp","href":"https:\/\/api.w.org\/{rel}","templated":true}]}}