{"id":13282,"date":"2023-06-06T13:22:01","date_gmt":"2023-06-06T11:22:01","guid":{"rendered":"https:\/\/sanjuanbosco.es\/?p=13282"},"modified":"2023-11-20T11:33:56","modified_gmt":"2023-11-20T09:33:56","slug":"alma-de-haiku-la-obra-de-nuestro-alumnado-de-educacion-secundaria-para-personas-adultas","status":"publish","type":"post","link":"https:\/\/sanjuanbosco.es\/?p=13282","title":{"rendered":"Alma de Haiku: la obra de nuestro alumnado de Educaci\u00f3n Secundaria para personas Adultas"},"content":{"rendered":"\t\t<div data-elementor-type=\"wp-post\" data-elementor-id=\"13282\" class=\"elementor elementor-13282\">\n\t\t\t\t\t\t\t\t\t<section class=\"elementor-section elementor-top-section elementor-element elementor-element-142518e elementor-section-boxed elementor-section-height-default elementor-section-height-default\" data-id=\"142518e\" data-element_type=\"section\">\n\t\t\t\t\t\t<div class=\"elementor-container elementor-column-gap-default\">\n\t\t\t\t\t<div class=\"elementor-column elementor-col-100 elementor-top-column elementor-element elementor-element-575a796\" data-id=\"575a796\" data-element_type=\"column\">\n\t\t\t<div class=\"elementor-widget-wrap elementor-element-populated\">\n\t\t\t\t\t\t\t\t<div class=\"elementor-element elementor-element-9e8c295 elementor-widget elementor-widget-text-editor\" data-id=\"9e8c295\" data-element_type=\"widget\" data-widget_type=\"text-editor.default\">\n\t\t\t\t<div class=\"elementor-widget-container\">\n\t\t\t\t\t\t\t<p>A\u00fan con el recuerdo y las emociones vividas en los actos de graduaci\u00f3n de nuestros grupos, presentamos el trabajo que el grupo de Educaci\u00f3n Secundaria para personas Adultas ha realizado durante el presente curso coordinados por su profesora del \u00c1mbito de Comunicaci\u00f3n, Charo Algaba. Se trata de la elaboraci\u00f3n de un libro de poemas Haiku, creados por ellas mismas, donde se indentifican y ponen sus emociones a flor de piel y expuestas para disfrute de todo lector que tenga la suerte de leer y sentir este precioso trabajo.\u00a0<\/p><p>Los haikus son\u00a0poemas muy cortos, tienen solo tres versos y normalmente hablan de temas relacionados con la naturaleza o la vida cotidiana\u00a0que pasa en un lugar y un momento muy concreto.<\/p><p>\u00a0<\/p><p>Con todo esto demuestran que nunca es tarde para retomar la senda del estudio y cumpli metas y sue\u00f1os.\u00a0<\/p><p>Estamos muy orgullosos de vuestro trabajo y vuestro paso por el IES San Juan Bosco, estamos encantados de que form\u00e9is parte de esta bontia comunidad educativa del IES San Juan Bosco.<\/p><p>\u00a1\u00a1Enhorabuena al grupo de ESPA y a su profesora Charo Algaba!<\/p>\t\t\t\t\t\t<\/div>\n\t\t\t\t<\/div>\n\t\t\t\t<div class=\"elementor-element elementor-element-4792e85 elementor-widget elementor-widget-image\" data-id=\"4792e85\" data-element_type=\"widget\" data-widget_type=\"image.default\">\n\t\t\t\t<div class=\"elementor-widget-container\">\n\t\t\t\t\t\t\t\t\t\t\t\t\t\t\t<img decoding=\"async\" width=\"232\" height=\"300\" src=\"https:\/\/sanjuanbosco.es\/wp-content\/uploads\/2023\/06\/Documentos-escaneados-21024_1-1-232x300.jpg\" class=\"attachment-medium size-medium\" alt=\"\" loading=\"lazy\" srcset=\"https:\/\/sanjuanbosco.es\/wp-content\/uploads\/2023\/06\/Documentos-escaneados-21024_1-1-232x300.jpg 232w, https:\/\/sanjuanbosco.es\/wp-content\/uploads\/2023\/06\/Documentos-escaneados-21024_1-1-768x994.jpg 768w, https:\/\/sanjuanbosco.es\/wp-content\/uploads\/2023\/06\/Documentos-escaneados-21024_1-1.jpg 791w\" sizes=\"(max-width: 232px) 100vw, 232px\" \/>\t\t\t\t\t\t\t\t\t\t\t\t\t\t\t<\/div>\n\t\t\t\t<\/div>\n\t\t\t\t<div class=\"elementor-element elementor-element-36642bf elementor-widget elementor-widget-image\" data-id=\"36642bf\" data-element_type=\"widget\" data-widget_type=\"image.default\">\n\t\t\t\t<div class=\"elementor-widget-container\">\n\t\t\t\t\t\t\t\t\t\t\t\t\t\t\t<img decoding=\"async\" width=\"1024\" height=\"791\" src=\"https:\/\/sanjuanbosco.es\/wp-content\/uploads\/2023\/06\/Los-17-poemas-libres-y-emotivos-11024_1-rotated.jpg\" class=\"attachment-large size-large\" alt=\"\" loading=\"lazy\" srcset=\"https:\/\/sanjuanbosco.es\/wp-content\/uploads\/2023\/06\/Los-17-poemas-libres-y-emotivos-11024_1-rotated.jpg 1024w, https:\/\/sanjuanbosco.es\/wp-content\/uploads\/2023\/06\/Los-17-poemas-libres-y-emotivos-11024_1-300x232.jpg 300w, https:\/\/sanjuanbosco.es\/wp-content\/uploads\/2023\/06\/Los-17-poemas-libres-y-emotivos-11024_1-768x593.jpg 768w\" sizes=\"(max-width: 1024px) 100vw, 1024px\" \/>\t\t\t\t\t\t\t\t\t\t\t\t\t\t\t<\/div>\n\t\t\t\t<\/div>\n\t\t\t\t\t<\/div>\n\t\t<\/div>\n\t\t\t\t\t\t\t<\/div>\n\t\t<\/section>\n\t\t\t\t\t\t\t<\/div>\n\t\t","protected":false},"excerpt":{"rendered":"<p>A\u00fan con el recuerdo y las emociones vividas en los<span class=\"more-button\"><a href=\"https:\/\/sanjuanbosco.es\/?p=13282\" class=\"more-link\">Seguir leyendo<span class=\"screen-reader-text\">Alma de Haiku: la obra de nuestro alumnado de Educaci\u00f3n Secundaria para personas Adultas<\/span><\/a><\/span><\/p>\n","protected":false},"author":2,"featured_media":13283,"comment_status":"open","ping_status":"open","sticky":false,"template":"","format":"standard","meta":{"_background_id":0,"_xo_background":[],"ngg_post_thumbnail":0},"categories":[1],"tags":[],"_links":{"self":[{"href":"https:\/\/sanjuanbosco.es\/index.php?rest_route=\/wp\/v2\/posts\/13282"}],"collection":[{"href":"https:\/\/sanjuanbosco.es\/index.php?rest_route=\/wp\/v2\/posts"}],"about":[{"href":"https:\/\/sanjuanbosco.es\/index.php?rest_route=\/wp\/v2\/types\/post"}],"author":[{"embeddable":true,"href":"https:\/\/sanjuanbosco.es\/index.php?rest_route=\/wp\/v2\/users\/2"}],"replies":[{"embeddable":true,"href":"https:\/\/sanjuanbosco.es\/index.php?rest_route=%2Fwp%2Fv2%2Fcomments&post=13282"}],"version-history":[{"count":5,"href":"https:\/\/sanjuanbosco.es\/index.php?rest_route=\/wp\/v2\/posts\/13282\/revisions"}],"predecessor-version":[{"id":13753,"href":"https:\/\/sanjuanbosco.es\/index.php?rest_route=\/wp\/v2\/posts\/13282\/revisions\/13753"}],"wp:featuredmedia":[{"embeddable":true,"href":"https:\/\/sanjuanbosco.es\/index.php?rest_route=\/wp\/v2\/media\/13283"}],"wp:attachment":[{"href":"https:\/\/sanjuanbosco.es\/index.php?rest_route=%2Fwp%2Fv2%2Fmedia&parent=13282"}],"wp:term":[{"taxonomy":"category","embeddable":true,"href":"https:\/\/sanjuanbosco.es\/index.php?rest_route=%2Fwp%2Fv2%2Fcategories&post=13282"},{"taxonomy":"post_tag","embeddable":true,"href":"https:\/\/sanjuanbosco.es\/index.php?rest_route=%2Fwp%2Fv2%2Ftags&post=13282"}],"curies":[{"name":"wp","href":"https:\/\/api.w.org\/{rel}","templated":true}]}}