{"id":13848,"date":"2023-11-29T11:49:33","date_gmt":"2023-11-29T09:49:33","guid":{"rendered":"https:\/\/sanjuanbosco.es\/?p=13848"},"modified":"2024-02-21T15:15:24","modified_gmt":"2024-02-21T13:15:24","slug":"iii-carrera-popular-urbana-ies-san-juan-bosco","status":"publish","type":"post","link":"https:\/\/sanjuanbosco.es\/?p=13848","title":{"rendered":"III CARRERA POPULAR URBANA &#8211; IES SAN JUAN BOSCO"},"content":{"rendered":"\t\t<div data-elementor-type=\"wp-post\" data-elementor-id=\"13848\" class=\"elementor elementor-13848\">\n\t\t\t\t\t\t\t\t\t<section class=\"elementor-section elementor-top-section elementor-element elementor-element-169f696 elementor-section-boxed elementor-section-height-default elementor-section-height-default\" data-id=\"169f696\" data-element_type=\"section\">\n\t\t\t\t\t\t<div class=\"elementor-container elementor-column-gap-default\">\n\t\t\t\t\t<div class=\"elementor-column elementor-col-100 elementor-top-column elementor-element elementor-element-5643e92\" data-id=\"5643e92\" data-element_type=\"column\">\n\t\t\t<div class=\"elementor-widget-wrap elementor-element-populated\">\n\t\t\t\t\t\t\t\t<div class=\"elementor-element elementor-element-d84b869 elementor-widget elementor-widget-text-editor\" data-id=\"d84b869\" data-element_type=\"widget\" data-widget_type=\"text-editor.default\">\n\t\t\t\t<div class=\"elementor-widget-container\">\n\t\t\t\t\t\t\t<p>Un a\u00f1o m\u00e1s tenemos el enorme placer de comunicar que ya tenemos fecha y abiertas las inscripciones para la III edici\u00f3n de nuestra carrera popular urbana IES San Juan Bosco, que como cada edici\u00f3n discurrir\u00e1 por las calles de nuestro barrio, nuestro entorno, el precioso casco hist\u00f3rico de la ciudad de Ja\u00e9n.<\/p><p>Si quieres disfrutar de una ma\u00f1ana que aunar\u00e1 deporte y convivencia a la vez que disfrutar un rato de correr o pasear por rincones tan se\u00f1eros de nuestra ciudad como la Plaza e Iglesia de la Magdalena, Arco de San Lorenzo, Plaza e Iglesia de la Merced, correr por el Cant\u00f3n de Jes\u00fas y la Carrera para disfutrar de las vistas de la Plaza de Santa Mar\u00eda y nuestra joya renacentista, nuestra Catedral, inscr\u00edbete ya en el siguiente enlace <a href=\"https:\/\/www.deportime.com\/carrera\/iii-carrera-popular-urbana-i-e-s-san-juan-bosco\/\">https:\/\/www.deportime.com\/carrera\/iii-carrera-popular-urbana-i-e-s-san-juan-bosco\/<\/a> y no te quedes sin tu dorsal.<\/p><p>Tambi\u00e9n puedes inscribirte en el c\u00f3digo QR de nuestro cartel. Este a\u00f1o parte de la recaudaci\u00f3n ir\u00e1 dirigida a AJICAM, Asociaci\u00f3n Jiennense Contra el C\u00e1ncer de Mama.<\/p><p>Mil gracias a nuestro antiguo alumno Juan Carlos Gonz\u00e1lez Mart\u00ednez por el dise\u00f1o de nuestro cartel, que ha sabido captar el sentido que pretendemos darle a este evento.<\/p><p>Mil gracias a nuestro colaboradores y patrocinadores a quienes sin su inestimable ayuda, no podr\u00edamos organizar esta bonita carrera. Si quieres donar o patrocinar este evento que cada a\u00f1o congrega a m\u00e1s de 1000 personas alrededor, ponte en contacto con nosotros en los correos electr\u00f3nicos:<\/p><p><a href=\"mailto:secretaria@sanjuanbosco.net\">secretaria@sanjuanbosco.net<\/a><\/p><p><a href=\"mailto:23005529.edu@juntadeandalucia.es\">23005529.edu@juntadeandalucia.es<\/a><\/p><p>y te diremos como poder ayudarnos en el patrocinio.<\/p><p>\u00a1Inscr\u00edbete ya, no te quedes sin tu dorsal!<\/p><p>Tambi\u00e9n disponemos de fila 0 de colaboraci\u00f3n.<\/p><p>\u00a0<\/p><p>\u00a0<\/p>\t\t\t\t\t\t<\/div>\n\t\t\t\t<\/div>\n\t\t\t\t\t<\/div>\n\t\t<\/div>\n\t\t\t\t\t\t\t<\/div>\n\t\t<\/section>\n\t\t\t\t<section class=\"elementor-section elementor-top-section elementor-element elementor-element-3df1445 elementor-section-boxed elementor-section-height-default elementor-section-height-default\" data-id=\"3df1445\" data-element_type=\"section\">\n\t\t\t\t\t\t<div class=\"elementor-container elementor-column-gap-default\">\n\t\t\t\t\t<div class=\"elementor-column elementor-col-100 elementor-top-column elementor-element elementor-element-7b68f11\" data-id=\"7b68f11\" data-element_type=\"column\">\n\t\t\t<div class=\"elementor-widget-wrap elementor-element-populated\">\n\t\t\t\t\t\t\t\t<div class=\"elementor-element elementor-element-b2f5ff5 elementor-widget elementor-widget-image\" data-id=\"b2f5ff5\" data-element_type=\"widget\" data-widget_type=\"image.default\">\n\t\t\t\t<div class=\"elementor-widget-container\">\n\t\t\t\t\t\t\t\t\t\t\t\t\t\t\t<img decoding=\"async\" width=\"724\" height=\"1024\" src=\"https:\/\/sanjuanbosco.es\/wp-content\/uploads\/2023\/11\/CARTEL-CARRERA-2024.jpg\" class=\"attachment-large size-large\" alt=\"\" loading=\"lazy\" srcset=\"https:\/\/sanjuanbosco.es\/wp-content\/uploads\/2023\/11\/CARTEL-CARRERA-2024.jpg 724w, https:\/\/sanjuanbosco.es\/wp-content\/uploads\/2023\/11\/CARTEL-CARRERA-2024-212x300.jpg 212w\" sizes=\"(max-width: 724px) 100vw, 724px\" \/>\t\t\t\t\t\t\t\t\t\t\t\t\t\t\t<\/div>\n\t\t\t\t<\/div>\n\t\t\t\t\t<\/div>\n\t\t<\/div>\n\t\t\t\t\t\t\t<\/div>\n\t\t<\/section>\n\t\t\t\t\t\t\t<\/div>\n\t\t","protected":false},"excerpt":{"rendered":"<p>Un a\u00f1o m\u00e1s tenemos el enorme placer de comunicar que<span class=\"more-button\"><a href=\"https:\/\/sanjuanbosco.es\/?p=13848\" class=\"more-link\">Seguir leyendo<span class=\"screen-reader-text\">III CARRERA POPULAR URBANA &#8211; IES SAN JUAN BOSCO<\/span><\/a><\/span><\/p>\n","protected":false},"author":2,"featured_media":13849,"comment_status":"open","ping_status":"open","sticky":false,"template":"","format":"standard","meta":{"_background_id":0,"_xo_background":[],"ngg_post_thumbnail":0},"categories":[1],"tags":[],"_links":{"self":[{"href":"https:\/\/sanjuanbosco.es\/index.php?rest_route=\/wp\/v2\/posts\/13848"}],"collection":[{"href":"https:\/\/sanjuanbosco.es\/index.php?rest_route=\/wp\/v2\/posts"}],"about":[{"href":"https:\/\/sanjuanbosco.es\/index.php?rest_route=\/wp\/v2\/types\/post"}],"author":[{"embeddable":true,"href":"https:\/\/sanjuanbosco.es\/index.php?rest_route=\/wp\/v2\/users\/2"}],"replies":[{"embeddable":true,"href":"https:\/\/sanjuanbosco.es\/index.php?rest_route=%2Fwp%2Fv2%2Fcomments&post=13848"}],"version-history":[{"count":4,"href":"https:\/\/sanjuanbosco.es\/index.php?rest_route=\/wp\/v2\/posts\/13848\/revisions"}],"predecessor-version":[{"id":13853,"href":"https:\/\/sanjuanbosco.es\/index.php?rest_route=\/wp\/v2\/posts\/13848\/revisions\/13853"}],"wp:featuredmedia":[{"embeddable":true,"href":"https:\/\/sanjuanbosco.es\/index.php?rest_route=\/wp\/v2\/media\/13849"}],"wp:attachment":[{"href":"https:\/\/sanjuanbosco.es\/index.php?rest_route=%2Fwp%2Fv2%2Fmedia&parent=13848"}],"wp:term":[{"taxonomy":"category","embeddable":true,"href":"https:\/\/sanjuanbosco.es\/index.php?rest_route=%2Fwp%2Fv2%2Fcategories&post=13848"},{"taxonomy":"post_tag","embeddable":true,"href":"https:\/\/sanjuanbosco.es\/index.php?rest_route=%2Fwp%2Fv2%2Ftags&post=13848"}],"curies":[{"name":"wp","href":"https:\/\/api.w.org\/{rel}","templated":true}]}}