{"id":13952,"date":"2023-12-12T14:50:08","date_gmt":"2023-12-12T12:50:08","guid":{"rendered":"https:\/\/sanjuanbosco.es\/?p=13952"},"modified":"2023-12-12T14:58:30","modified_gmt":"2023-12-12T12:58:30","slug":"pruebas-de-acceso-a-ciclos-formativos-de-grado-medio-23-24-calendario-y-requisitos","status":"publish","type":"post","link":"https:\/\/sanjuanbosco.es\/?p=13952","title":{"rendered":"PRUEBAS DE ACCESO A CICLOS FORMATIVOS DE GRADO MEDIO 23 &#8211; 24 &#8211; CALENDARIO Y REQUISITOS"},"content":{"rendered":"\t\t<div data-elementor-type=\"wp-post\" data-elementor-id=\"13952\" class=\"elementor elementor-13952\">\n\t\t\t\t\t\t\t\t\t<section class=\"elementor-section elementor-top-section elementor-element elementor-element-c6d8025 elementor-section-boxed elementor-section-height-default elementor-section-height-default\" data-id=\"c6d8025\" data-element_type=\"section\">\n\t\t\t\t\t\t<div class=\"elementor-container elementor-column-gap-default\">\n\t\t\t\t\t<div class=\"elementor-column elementor-col-100 elementor-top-column elementor-element elementor-element-35b8500\" data-id=\"35b8500\" data-element_type=\"column\">\n\t\t\t<div class=\"elementor-widget-wrap elementor-element-populated\">\n\t\t\t\t\t\t\t\t<div class=\"elementor-element elementor-element-544b5b3 elementor-widget elementor-widget-image\" data-id=\"544b5b3\" data-element_type=\"widget\" data-widget_type=\"image.default\">\n\t\t\t\t<div class=\"elementor-widget-container\">\n\t\t\t\t\t\t\t\t\t\t\t\t\t\t\t<img decoding=\"async\" width=\"620\" height=\"232\" src=\"https:\/\/sanjuanbosco.es\/wp-content\/uploads\/2023\/12\/CALENDARIO-23-24.jpg\" class=\"attachment-large size-large\" alt=\"\" loading=\"lazy\" srcset=\"https:\/\/sanjuanbosco.es\/wp-content\/uploads\/2023\/12\/CALENDARIO-23-24.jpg 620w, https:\/\/sanjuanbosco.es\/wp-content\/uploads\/2023\/12\/CALENDARIO-23-24-300x112.jpg 300w\" sizes=\"(max-width: 620px) 100vw, 620px\" \/>\t\t\t\t\t\t\t\t\t\t\t\t\t\t\t<\/div>\n\t\t\t\t<\/div>\n\t\t\t\t\t<\/div>\n\t\t<\/div>\n\t\t\t\t\t\t\t<\/div>\n\t\t<\/section>\n\t\t\t\t<section class=\"elementor-section elementor-top-section elementor-element elementor-element-0443059 elementor-section-boxed elementor-section-height-default elementor-section-height-default\" data-id=\"0443059\" data-element_type=\"section\">\n\t\t\t\t\t\t<div class=\"elementor-container elementor-column-gap-default\">\n\t\t\t\t\t<div class=\"elementor-column elementor-col-100 elementor-top-column elementor-element elementor-element-6d76587\" data-id=\"6d76587\" data-element_type=\"column\">\n\t\t\t<div class=\"elementor-widget-wrap elementor-element-populated\">\n\t\t\t\t\t\t\t\t<div class=\"elementor-element elementor-element-7212847 elementor-widget elementor-widget-text-editor\" data-id=\"7212847\" data-element_type=\"widget\" data-widget_type=\"text-editor.default\">\n\t\t\t\t<div class=\"elementor-widget-container\">\n\t\t\t\t\t\t\t<p>Como cada curso acad\u00e9mico, el IES San Juan Bosco ser\u00e1 sede para la realizaci\u00f3n de las pruebas de acceso a grado medio, seg\u00fan la <em>Resoluci\u00f3n de 17 de noviembre de 2023, de la Direcci\u00f3n General de Formaci\u00f3n\u00a0<\/em><em>Profesional, por la que se convocan las pruebas de acceso a los Ciclos\u00a0<\/em><em>Formativos de Grado Medio y Grado Superior de Formaci\u00f3n Profesional en el<\/em><br \/><em>curso escolar 2023\/2024.(<a href=\"https:\/\/portals.ced.junta-andalucia.es\/educacion\/portals\/delegate\/content\/3c6edb0f-cdbd-47a0-98cd-4412d216be47\/Texto%20de%20la%20Resoluci%C3%B3n%20(BOJA)\">enlace a la resoluci\u00f3n aqu\u00ed<\/a>).<\/em><\/p><p>Recordamos los requisitos para poder realizar estas pruebas:<\/p><p>Para participar en la prueba de acceso a los ciclos formativos de grado medio se<br \/>requerir\u00e1:<\/p><p>a) No reunir ninguno de los requisitos acad\u00e9micos exigidos para acceder a los<br \/>mismos.<br \/>b) Tener cumplidos diecisiete a\u00f1os de edad o cumplirlos en el a\u00f1o natural de<br \/>realizaci\u00f3n de la prueba.<\/p><p><strong>Las solicitudes se cumplimentar\u00e1n seg\u00fan los Anexos II y III de la Orden de 21 de febrero de 2017, preferentemente de forma telem\u00e1tica en la Secretar\u00eda Virtual de los Centros Educativos de la Consejer\u00eda de Desarrollo Educativo y Formaci\u00f3n Profesional.<\/strong> La solicitud, para las pruebas a grado medio ser\u00e1 \u00fanica y, en el caso de que se presente m\u00e1s de una solicitud, se reconocer\u00e1 como v\u00e1lida la \u00faltima presentada dentro de plazo.<\/p><p>La fecha y hora de realizaci\u00f3n del examen la decidir\u00e1 la Comisi\u00f3n Evaluadora y se publicar\u00e1 junto al listado definitivo de admitidos \/-as a las pruebas.<\/p><p>\u00a1QUE NO SE TE PASE EL PLAZO DE INSCRIPCI\u00d3N! <strong>(Del 15 al 26 de enero de 2024)<\/strong><\/p><p>\u00a0<\/p>\t\t\t\t\t\t<\/div>\n\t\t\t\t<\/div>\n\t\t\t\t\t<\/div>\n\t\t<\/div>\n\t\t\t\t\t\t\t<\/div>\n\t\t<\/section>\n\t\t\t\t\t\t\t<\/div>\n\t\t","protected":false},"excerpt":{"rendered":"<p>Como cada curso acad\u00e9mico, el IES San Juan Bosco ser\u00e1<span class=\"more-button\"><a href=\"https:\/\/sanjuanbosco.es\/?p=13952\" class=\"more-link\">Seguir leyendo<span class=\"screen-reader-text\">PRUEBAS DE ACCESO A CICLOS FORMATIVOS DE GRADO MEDIO 23 &#8211; 24 &#8211; CALENDARIO Y REQUISITOS<\/span><\/a><\/span><\/p>\n","protected":false},"author":2,"featured_media":13954,"comment_status":"open","ping_status":"open","sticky":false,"template":"","format":"standard","meta":{"_background_id":0,"_xo_background":[],"ngg_post_thumbnail":0},"categories":[1],"tags":[],"_links":{"self":[{"href":"https:\/\/sanjuanbosco.es\/index.php?rest_route=\/wp\/v2\/posts\/13952"}],"collection":[{"href":"https:\/\/sanjuanbosco.es\/index.php?rest_route=\/wp\/v2\/posts"}],"about":[{"href":"https:\/\/sanjuanbosco.es\/index.php?rest_route=\/wp\/v2\/types\/post"}],"author":[{"embeddable":true,"href":"https:\/\/sanjuanbosco.es\/index.php?rest_route=\/wp\/v2\/users\/2"}],"replies":[{"embeddable":true,"href":"https:\/\/sanjuanbosco.es\/index.php?rest_route=%2Fwp%2Fv2%2Fcomments&post=13952"}],"version-history":[{"count":4,"href":"https:\/\/sanjuanbosco.es\/index.php?rest_route=\/wp\/v2\/posts\/13952\/revisions"}],"predecessor-version":[{"id":13957,"href":"https:\/\/sanjuanbosco.es\/index.php?rest_route=\/wp\/v2\/posts\/13952\/revisions\/13957"}],"wp:featuredmedia":[{"embeddable":true,"href":"https:\/\/sanjuanbosco.es\/index.php?rest_route=\/wp\/v2\/media\/13954"}],"wp:attachment":[{"href":"https:\/\/sanjuanbosco.es\/index.php?rest_route=%2Fwp%2Fv2%2Fmedia&parent=13952"}],"wp:term":[{"taxonomy":"category","embeddable":true,"href":"https:\/\/sanjuanbosco.es\/index.php?rest_route=%2Fwp%2Fv2%2Fcategories&post=13952"},{"taxonomy":"post_tag","embeddable":true,"href":"https:\/\/sanjuanbosco.es\/index.php?rest_route=%2Fwp%2Fv2%2Ftags&post=13952"}],"curies":[{"name":"wp","href":"https:\/\/api.w.org\/{rel}","templated":true}]}}