{"id":14173,"date":"2024-01-15T20:01:06","date_gmt":"2024-01-15T18:01:06","guid":{"rendered":"https:\/\/sanjuanbosco.es\/?p=14173"},"modified":"2024-02-21T15:14:52","modified_gmt":"2024-02-21T13:14:52","slug":"diego-merlo-atleta-jiennense-elite-de-la-carrera-internacional-san-anton-de-jaen-os-anima-a-correr-la-iii-carrera-popular-urbana-ies-san-juan-bosco","status":"publish","type":"post","link":"https:\/\/sanjuanbosco.es\/?p=14173","title":{"rendered":"Diego Merlo, atleta jiennense \u00e9lite de la Carrera Internacional San Ant\u00f3n de Ja\u00e9n os anima a correr la III Carrera Popular Urbana IES San Juan Bosco"},"content":{"rendered":"\t\t<div data-elementor-type=\"wp-post\" data-elementor-id=\"14173\" class=\"elementor elementor-14173\">\n\t\t\t\t\t\t\t\t\t<section class=\"elementor-section elementor-top-section elementor-element elementor-element-8674a2d elementor-section-boxed elementor-section-height-default elementor-section-height-default\" data-id=\"8674a2d\" data-element_type=\"section\">\n\t\t\t\t\t\t<div class=\"elementor-container elementor-column-gap-default\">\n\t\t\t\t\t<div class=\"elementor-column elementor-col-100 elementor-top-column elementor-element elementor-element-3a2a640\" data-id=\"3a2a640\" data-element_type=\"column\">\n\t\t\t<div class=\"elementor-widget-wrap elementor-element-populated\">\n\t\t\t\t\t\t\t\t<div class=\"elementor-element elementor-element-e0af99a elementor-widget elementor-widget-text-editor\" data-id=\"e0af99a\" data-element_type=\"widget\" data-widget_type=\"text-editor.default\">\n\t\t\t\t<div class=\"elementor-widget-container\">\n\t\t\t\t\t\t\t<p>Diego Merlo, reconocido atleta jiennese (de Bail\u00e9n), habitual top 10 de la carrera \u00e9lite de las \u00faltimas San Ant\u00f3n de nuestra ciudad, tercer clasificado en la edici\u00f3n de 2014, segundo en la de 2015 y segundo en la edici\u00f3n de 2018, os anima a retirar vuestro dorsal para la III Carrera Popular Urbana IES San Juan Bosco del pr\u00f3ximo 28 de enero a las 11:00 con car\u00e1cter ben\u00e9fico, este a\u00f1o para AJICAM, Asociaci\u00f3n Jiennense contra el C\u00e1ncer de Mama.\u00a0<\/p><p>\u00a1Corre por una causa solidaria!\u00a0<\/p>\t\t\t\t\t\t<\/div>\n\t\t\t\t<\/div>\n\t\t\t\t\t<\/div>\n\t\t<\/div>\n\t\t\t\t\t\t\t<\/div>\n\t\t<\/section>\n\t\t\t\t<section class=\"elementor-section elementor-top-section elementor-element elementor-element-4b3d176 elementor-section-boxed elementor-section-height-default elementor-section-height-default\" data-id=\"4b3d176\" data-element_type=\"section\">\n\t\t\t\t\t\t<div class=\"elementor-container elementor-column-gap-default\">\n\t\t\t\t\t<div class=\"elementor-column elementor-col-100 elementor-top-column elementor-element elementor-element-2960f1e\" data-id=\"2960f1e\" data-element_type=\"column\">\n\t\t\t<div class=\"elementor-widget-wrap elementor-element-populated\">\n\t\t\t\t\t\t\t\t<div class=\"elementor-element elementor-element-6fe85f3 elementor-aspect-ratio-169 elementor-widget elementor-widget-video\" data-id=\"6fe85f3\" data-element_type=\"widget\" data-settings=\"{&quot;youtube_url&quot;:&quot;https:\\\/\\\/www.youtube.com\\\/watch?v=8SGdPbujvRA&quot;,&quot;video_type&quot;:&quot;youtube&quot;,&quot;controls&quot;:&quot;yes&quot;,&quot;aspect_ratio&quot;:&quot;169&quot;}\" data-widget_type=\"video.default\">\n\t\t\t\t<div class=\"elementor-widget-container\">\n\t\t\t\t\t<div class=\"elementor-wrapper elementor-fit-aspect-ratio elementor-open-inline\">\n\t\t\t<div class=\"elementor-video\"><\/div>\t\t<\/div>\n\t\t\t\t<\/div>\n\t\t\t\t<\/div>\n\t\t\t\t\t<\/div>\n\t\t<\/div>\n\t\t\t\t\t\t\t<\/div>\n\t\t<\/section>\n\t\t\t\t\t\t\t<\/div>\n\t\t","protected":false},"excerpt":{"rendered":"<p>Diego Merlo, reconocido atleta jiennese (de Bail\u00e9n), habitual top 10<span class=\"more-button\"><a href=\"https:\/\/sanjuanbosco.es\/?p=14173\" class=\"more-link\">Seguir leyendo<span class=\"screen-reader-text\">Diego Merlo, atleta jiennense \u00e9lite de la Carrera Internacional San Ant\u00f3n de Ja\u00e9n os anima a correr la III Carrera Popular Urbana IES San Juan Bosco<\/span><\/a><\/span><\/p>\n","protected":false},"author":2,"featured_media":14174,"comment_status":"open","ping_status":"open","sticky":false,"template":"","format":"standard","meta":{"_background_id":0,"_xo_background":[],"ngg_post_thumbnail":0},"categories":[1],"tags":[],"_links":{"self":[{"href":"https:\/\/sanjuanbosco.es\/index.php?rest_route=\/wp\/v2\/posts\/14173"}],"collection":[{"href":"https:\/\/sanjuanbosco.es\/index.php?rest_route=\/wp\/v2\/posts"}],"about":[{"href":"https:\/\/sanjuanbosco.es\/index.php?rest_route=\/wp\/v2\/types\/post"}],"author":[{"embeddable":true,"href":"https:\/\/sanjuanbosco.es\/index.php?rest_route=\/wp\/v2\/users\/2"}],"replies":[{"embeddable":true,"href":"https:\/\/sanjuanbosco.es\/index.php?rest_route=%2Fwp%2Fv2%2Fcomments&post=14173"}],"version-history":[{"count":7,"href":"https:\/\/sanjuanbosco.es\/index.php?rest_route=\/wp\/v2\/posts\/14173\/revisions"}],"predecessor-version":[{"id":14182,"href":"https:\/\/sanjuanbosco.es\/index.php?rest_route=\/wp\/v2\/posts\/14173\/revisions\/14182"}],"wp:featuredmedia":[{"embeddable":true,"href":"https:\/\/sanjuanbosco.es\/index.php?rest_route=\/wp\/v2\/media\/14174"}],"wp:attachment":[{"href":"https:\/\/sanjuanbosco.es\/index.php?rest_route=%2Fwp%2Fv2%2Fmedia&parent=14173"}],"wp:term":[{"taxonomy":"category","embeddable":true,"href":"https:\/\/sanjuanbosco.es\/index.php?rest_route=%2Fwp%2Fv2%2Fcategories&post=14173"},{"taxonomy":"post_tag","embeddable":true,"href":"https:\/\/sanjuanbosco.es\/index.php?rest_route=%2Fwp%2Fv2%2Ftags&post=14173"}],"curies":[{"name":"wp","href":"https:\/\/api.w.org\/{rel}","templated":true}]}}