{"id":14185,"date":"2024-01-16T18:48:16","date_gmt":"2024-01-16T16:48:16","guid":{"rendered":"https:\/\/sanjuanbosco.es\/?p=14185"},"modified":"2024-02-21T15:14:42","modified_gmt":"2024-02-21T13:14:42","slug":"jose-luis-munuera-montero-os-anima-a-participar-en-la-iii-carrera-popular-urbana-ies-san-juan-bosco","status":"publish","type":"post","link":"https:\/\/sanjuanbosco.es\/?p=14185","title":{"rendered":"Jos\u00e9 Luis Munuera Montero os anima a participar en la III Carrera Popular Urbana IES San Juan Bosco"},"content":{"rendered":"\t\t<div data-elementor-type=\"wp-post\" data-elementor-id=\"14185\" class=\"elementor elementor-14185\">\n\t\t\t\t\t\t\t\t\t<section class=\"elementor-section elementor-top-section elementor-element elementor-element-af99d5a elementor-section-boxed elementor-section-height-default elementor-section-height-default\" data-id=\"af99d5a\" data-element_type=\"section\">\n\t\t\t\t\t\t<div class=\"elementor-container elementor-column-gap-default\">\n\t\t\t\t\t<div class=\"elementor-column elementor-col-100 elementor-top-column elementor-element elementor-element-568c356\" data-id=\"568c356\" data-element_type=\"column\">\n\t\t\t<div class=\"elementor-widget-wrap elementor-element-populated\">\n\t\t\t\t\t\t\t\t<div class=\"elementor-element elementor-element-cbc0b7f elementor-widget elementor-widget-text-editor\" data-id=\"cbc0b7f\" data-element_type=\"widget\" data-widget_type=\"text-editor.default\">\n\t\t\t\t<div class=\"elementor-widget-container\">\n\t\t\t\t\t\t\t<p>Otro ilustre de nuestra tierra y del deporte os anima a que particip\u00e9is en la III Carrera Popular Urbana del pr\u00f3ximo 28 de enero que organiza el IES San Juan Bosco. Jos\u00e9 Luis Munuera Montero, \u00e1rbitro de la 1\u00aa divisi\u00f3n del f\u00fatbol espa\u00f1ol, as\u00ed como tambi\u00e9n un habitual en los partidos disputados en la m\u00e1xima competici\u00f3n de clubes del mundo, la Uefa Champions League, no ha querido dejar pasar la oportunidad de hacerse eco de esta carrera que cada a\u00f1o que pasa se va consolidando en el panorama deportivo de Ja\u00e9n y nos anima a participar en ella que con un fin solidario y ben\u00e9fico tiene por fin. La recaudaci\u00f3n ir\u00e1 destinada a AJICAM, Asociaci\u00f3n Jiennense contra el C\u00e1ncer de Mama.<\/p><p>Desde aqu\u00ed agradecemos a Jos\u00e9 Luis por su llamamiento y le deseamos el mayor de los \u00e9xitos en su carrera profesional donde lleva el nombre de Ja\u00e9n por toda Europa.<\/p><p>\u00a1\u00c1nimo, quedan las \u00faltimas inscripciones por retirar!<\/p><p>Inscripciones en: <a href=\"https:\/\/www.deportime.com\/carrera\/iii-carrera-popular-urbana-i-e-s-san-juan-bosco\/\">https:\/\/www.deportime.com\/carrera\/iii-carrera-popular-urbana-i-e-s-san-juan-bosco\/<\/a><\/p>\t\t\t\t\t\t<\/div>\n\t\t\t\t<\/div>\n\t\t\t\t\t<\/div>\n\t\t<\/div>\n\t\t\t\t\t\t\t<\/div>\n\t\t<\/section>\n\t\t\t\t<section class=\"elementor-section elementor-top-section elementor-element elementor-element-a111bc1 elementor-section-boxed elementor-section-height-default elementor-section-height-default\" data-id=\"a111bc1\" data-element_type=\"section\">\n\t\t\t\t\t\t<div class=\"elementor-container elementor-column-gap-default\">\n\t\t\t\t\t<div class=\"elementor-column elementor-col-100 elementor-top-column elementor-element elementor-element-008b8bc\" data-id=\"008b8bc\" data-element_type=\"column\">\n\t\t\t<div class=\"elementor-widget-wrap elementor-element-populated\">\n\t\t\t\t\t\t\t\t<div class=\"elementor-element elementor-element-3edde8c elementor-aspect-ratio-169 elementor-widget elementor-widget-video\" data-id=\"3edde8c\" data-element_type=\"widget\" data-settings=\"{&quot;youtube_url&quot;:&quot;https:\\\/\\\/www.youtube.com\\\/watch?v=YtxhfBQ6plo&quot;,&quot;video_type&quot;:&quot;youtube&quot;,&quot;controls&quot;:&quot;yes&quot;,&quot;aspect_ratio&quot;:&quot;169&quot;}\" data-widget_type=\"video.default\">\n\t\t\t\t<div class=\"elementor-widget-container\">\n\t\t\t\t\t<div class=\"elementor-wrapper elementor-fit-aspect-ratio elementor-open-inline\">\n\t\t\t<div class=\"elementor-video\"><\/div>\t\t<\/div>\n\t\t\t\t<\/div>\n\t\t\t\t<\/div>\n\t\t\t\t\t<\/div>\n\t\t<\/div>\n\t\t\t\t\t\t\t<\/div>\n\t\t<\/section>\n\t\t\t\t\t\t\t<\/div>\n\t\t","protected":false},"excerpt":{"rendered":"<p>Otro ilustre de nuestra tierra y del deporte os anima<span class=\"more-button\"><a href=\"https:\/\/sanjuanbosco.es\/?p=14185\" class=\"more-link\">Seguir leyendo<span class=\"screen-reader-text\">Jos\u00e9 Luis Munuera Montero os anima a participar en la III Carrera Popular Urbana IES San Juan Bosco<\/span><\/a><\/span><\/p>\n","protected":false},"author":2,"featured_media":14186,"comment_status":"open","ping_status":"open","sticky":false,"template":"","format":"standard","meta":{"_background_id":0,"_xo_background":[],"ngg_post_thumbnail":0},"categories":[1],"tags":[],"_links":{"self":[{"href":"https:\/\/sanjuanbosco.es\/index.php?rest_route=\/wp\/v2\/posts\/14185"}],"collection":[{"href":"https:\/\/sanjuanbosco.es\/index.php?rest_route=\/wp\/v2\/posts"}],"about":[{"href":"https:\/\/sanjuanbosco.es\/index.php?rest_route=\/wp\/v2\/types\/post"}],"author":[{"embeddable":true,"href":"https:\/\/sanjuanbosco.es\/index.php?rest_route=\/wp\/v2\/users\/2"}],"replies":[{"embeddable":true,"href":"https:\/\/sanjuanbosco.es\/index.php?rest_route=%2Fwp%2Fv2%2Fcomments&post=14185"}],"version-history":[{"count":4,"href":"https:\/\/sanjuanbosco.es\/index.php?rest_route=\/wp\/v2\/posts\/14185\/revisions"}],"predecessor-version":[{"id":14190,"href":"https:\/\/sanjuanbosco.es\/index.php?rest_route=\/wp\/v2\/posts\/14185\/revisions\/14190"}],"wp:featuredmedia":[{"embeddable":true,"href":"https:\/\/sanjuanbosco.es\/index.php?rest_route=\/wp\/v2\/media\/14186"}],"wp:attachment":[{"href":"https:\/\/sanjuanbosco.es\/index.php?rest_route=%2Fwp%2Fv2%2Fmedia&parent=14185"}],"wp:term":[{"taxonomy":"category","embeddable":true,"href":"https:\/\/sanjuanbosco.es\/index.php?rest_route=%2Fwp%2Fv2%2Fcategories&post=14185"},{"taxonomy":"post_tag","embeddable":true,"href":"https:\/\/sanjuanbosco.es\/index.php?rest_route=%2Fwp%2Fv2%2Ftags&post=14185"}],"curies":[{"name":"wp","href":"https:\/\/api.w.org\/{rel}","templated":true}]}}