{"id":14774,"date":"2024-04-18T11:57:16","date_gmt":"2024-04-18T09:57:16","guid":{"rendered":"https:\/\/sanjuanbosco.es\/?p=14774"},"modified":"2024-04-25T09:34:24","modified_gmt":"2024-04-25T07:34:24","slug":"el-ies-san-juan-bosco-en-la-i-feria-provincial-de-formacion-profesional","status":"publish","type":"post","link":"https:\/\/sanjuanbosco.es\/?p=14774","title":{"rendered":"El IES San Juan Bosco en la I Feria Provincial de Formaci\u00f3n Profesional"},"content":{"rendered":"\t\t<div data-elementor-type=\"wp-post\" data-elementor-id=\"14774\" class=\"elementor elementor-14774\">\n\t\t\t\t\t\t\t\t\t<section class=\"elementor-section elementor-top-section elementor-element elementor-element-2143633 elementor-section-boxed elementor-section-height-default elementor-section-height-default\" data-id=\"2143633\" data-element_type=\"section\">\n\t\t\t\t\t\t<div class=\"elementor-container elementor-column-gap-default\">\n\t\t\t\t\t<div class=\"elementor-column elementor-col-100 elementor-top-column elementor-element elementor-element-05f6930\" data-id=\"05f6930\" data-element_type=\"column\">\n\t\t\t<div class=\"elementor-widget-wrap elementor-element-populated\">\n\t\t\t\t\t\t\t\t<div class=\"elementor-element elementor-element-9bb34a0 elementor-widget elementor-widget-text-editor\" data-id=\"9bb34a0\" data-element_type=\"widget\" data-widget_type=\"text-editor.default\">\n\t\t\t\t<div class=\"elementor-widget-container\">\n\t\t\t\t\t\t\t<p>El IES San Juan Bosco estar\u00e1 presente el pr\u00f3ximo mi\u00e9rcoles 24 de abril en la I Feria Provincial de Formaci\u00f3n Profesional que se celebrar\u00e1 en el pabell\u00f3n semicubierto de IFEJA en horario de 10:00 a 18:00.\u00a0<\/p><p>Como centro de referencia en la provincia en las ense\u00f1anzas de Formaci\u00f3n Profesional de las familias profesionales de Sanidad y de Imagen Personal, estaremos presentes en nuestro stand, mostrando al p\u00fablico en general las competencias profesionales que nuestro alumando ha adquirido en el desarrollo acad\u00e9mico de nuestros ciclos formativos que componen nuestra amplia oferta de Formaci\u00f3n Profesional, a todo el p\u00fablico que acuda a este importante evento al que no pod\u00edamos faltar.<\/p><p>Desarrollaremos en esta feria varios talleres impartidos por nuestro alumnado y profesorado acompa\u00f1ante.<\/p><p>Los Familia Profesional de Sanidad que se podr\u00e1n conocer ser\u00e1n:<\/p><ul><li>\u00abToma de constantes vitales\u00bb.<\/li><li>\u00abPrimeros Auxilios\u00bb.<\/li><li>Estudio Nutricional\u00bb.<\/li><\/ul><p>Por su parte la Familia Profesional de Imagen Personal llevar\u00e1 a cabo los siguientes talleres:<\/p><ul><li>\u00abRecogidos y trenzados\u00bb.<\/li><li>Rizos con plancha, ondas y tenacillas\u00bb<\/li><li>Manicura y esmaltado de u\u00f1as\u00bb.<\/li><li>\u00abCabello de cine\u00bb.<\/li><li>\u00abRitual de rejuvenecimiento facial y est\u00e9tica de cejas\u00bb.<\/li><\/ul><p>Agradecemos desde esta publicaci\u00f3n el trabajo realizado por ambos departamentos de Sanidad y de Imagen Personal, a sus respectivos jefe y jefa de departamento, profesorado implicado en el mismo y alumnado participante y visitante.<\/p><p>\u00a1Os esperamos el pr\u00f3ximo mi\u00e9rcoles en el pabell\u00f3n semicubierto de IFEJA!<\/p><p>FP en el IES San Juan Bosco = garant\u00eda de \u00e9xito laboral.\u00a0<\/p>\t\t\t\t\t\t<\/div>\n\t\t\t\t<\/div>\n\t\t\t\t\t<\/div>\n\t\t<\/div>\n\t\t\t\t\t\t\t<\/div>\n\t\t<\/section>\n\t\t\t\t\t\t\t<\/div>\n\t\t","protected":false},"excerpt":{"rendered":"<p>El IES San Juan Bosco estar\u00e1 presente el pr\u00f3ximo mi\u00e9rcoles<span class=\"more-button\"><a href=\"https:\/\/sanjuanbosco.es\/?p=14774\" class=\"more-link\">Seguir leyendo<span class=\"screen-reader-text\">El IES San Juan Bosco en la I Feria Provincial de Formaci\u00f3n Profesional<\/span><\/a><\/span><\/p>\n","protected":false},"author":2,"featured_media":14775,"comment_status":"open","ping_status":"open","sticky":false,"template":"","format":"standard","meta":{"_background_id":0,"_xo_background":[],"ngg_post_thumbnail":0},"categories":[1],"tags":[],"_links":{"self":[{"href":"https:\/\/sanjuanbosco.es\/index.php?rest_route=\/wp\/v2\/posts\/14774"}],"collection":[{"href":"https:\/\/sanjuanbosco.es\/index.php?rest_route=\/wp\/v2\/posts"}],"about":[{"href":"https:\/\/sanjuanbosco.es\/index.php?rest_route=\/wp\/v2\/types\/post"}],"author":[{"embeddable":true,"href":"https:\/\/sanjuanbosco.es\/index.php?rest_route=\/wp\/v2\/users\/2"}],"replies":[{"embeddable":true,"href":"https:\/\/sanjuanbosco.es\/index.php?rest_route=%2Fwp%2Fv2%2Fcomments&post=14774"}],"version-history":[{"count":5,"href":"https:\/\/sanjuanbosco.es\/index.php?rest_route=\/wp\/v2\/posts\/14774\/revisions"}],"predecessor-version":[{"id":14912,"href":"https:\/\/sanjuanbosco.es\/index.php?rest_route=\/wp\/v2\/posts\/14774\/revisions\/14912"}],"wp:featuredmedia":[{"embeddable":true,"href":"https:\/\/sanjuanbosco.es\/index.php?rest_route=\/wp\/v2\/media\/14775"}],"wp:attachment":[{"href":"https:\/\/sanjuanbosco.es\/index.php?rest_route=%2Fwp%2Fv2%2Fmedia&parent=14774"}],"wp:term":[{"taxonomy":"category","embeddable":true,"href":"https:\/\/sanjuanbosco.es\/index.php?rest_route=%2Fwp%2Fv2%2Fcategories&post=14774"},{"taxonomy":"post_tag","embeddable":true,"href":"https:\/\/sanjuanbosco.es\/index.php?rest_route=%2Fwp%2Fv2%2Ftags&post=14774"}],"curies":[{"name":"wp","href":"https:\/\/api.w.org\/{rel}","templated":true}]}}