{"id":15634,"date":"2025-01-08T11:58:42","date_gmt":"2025-01-08T09:58:42","guid":{"rendered":"https:\/\/sanjuanbosco.es\/?p=15634"},"modified":"2025-01-08T12:03:15","modified_gmt":"2025-01-08T10:03:15","slug":"pruebas-de-acceso-a-grado-medio-2025","status":"publish","type":"post","link":"https:\/\/sanjuanbosco.es\/?p=15634","title":{"rendered":"PRUEBAS DE ACCESO A GRADO MEDIO 2025"},"content":{"rendered":"\t\t<div data-elementor-type=\"wp-post\" data-elementor-id=\"15634\" class=\"elementor elementor-15634\">\n\t\t\t\t\t\t\t\t\t<section class=\"elementor-section elementor-top-section elementor-element elementor-element-cf942ac elementor-section-boxed elementor-section-height-default elementor-section-height-default\" data-id=\"cf942ac\" data-element_type=\"section\">\n\t\t\t\t\t\t<div class=\"elementor-container elementor-column-gap-default\">\n\t\t\t\t\t<div class=\"elementor-column elementor-col-100 elementor-top-column elementor-element elementor-element-b37256f\" data-id=\"b37256f\" data-element_type=\"column\">\n\t\t\t<div class=\"elementor-widget-wrap elementor-element-populated\">\n\t\t\t\t\t\t\t\t<div class=\"elementor-element elementor-element-45cf567 elementor-widget elementor-widget-text-editor\" data-id=\"45cf567\" data-element_type=\"widget\" data-widget_type=\"text-editor.default\">\n\t\t\t\t<div class=\"elementor-widget-container\">\n\t\t\t\t\t\t\t<p>Como cada curso, el IES San Juan Bosco ser\u00e1 centro sede para la realizaci\u00f3n de las PRUEBAS DE ACCESO A GRADO MEDIO, seg\u00fan la Resoluci\u00f3n de 4 de diciembre de 2024, de la Direcci\u00f3n General de Formaci\u00f3n Profesional y Educaci\u00f3n Permanente, por la que se convocan las pruebas de acceso a los Ciclos Formativos de Grado Medio y Grado Superior de Formaci\u00f3n Profesional en el curso escolar 2024\/2025.<\/p><p>Si cumples los siguientes requisitos:<\/p><p>a) No reunir ninguno de los requisitos acad\u00e9micos exigidos para acceder a los<br \/>ciclos formativos de grado medio\u00a0<br \/>b) Tener cumplidos diecisiete a\u00f1os de edad o cumplirlos en el a\u00f1o natural de<br \/>realizaci\u00f3n de la prueba,\u00a0<\/p><p>puedes realizar tu inscripci\u00f3n preferentemente mediante secretar\u00eda virtual de la Junta de Andaluc\u00eda desde el 13 al 24 de enero de 2025.\u00a0<\/p><p>Os dejamos a continuaci\u00f3n el calendario de actuaciones de las pruebas de acceso a grado medio del curso 24 &#8211; 25.<\/p><p>\u00a0<\/p>\t\t\t\t\t\t<\/div>\n\t\t\t\t<\/div>\n\t\t\t\t\t<\/div>\n\t\t<\/div>\n\t\t\t\t\t\t\t<\/div>\n\t\t<\/section>\n\t\t\t\t<section class=\"elementor-section elementor-top-section elementor-element elementor-element-0085f91 elementor-section-boxed elementor-section-height-default elementor-section-height-default\" data-id=\"0085f91\" data-element_type=\"section\">\n\t\t\t\t\t\t<div class=\"elementor-container elementor-column-gap-default\">\n\t\t\t\t\t<div class=\"elementor-column elementor-col-100 elementor-top-column elementor-element elementor-element-cdd3bd5\" data-id=\"cdd3bd5\" data-element_type=\"column\">\n\t\t\t<div class=\"elementor-widget-wrap elementor-element-populated\">\n\t\t\t\t\t\t\t\t<div class=\"elementor-element elementor-element-7a30a68 elementor-widget elementor-widget-image\" data-id=\"7a30a68\" data-element_type=\"widget\" data-widget_type=\"image.default\">\n\t\t\t\t<div class=\"elementor-widget-container\">\n\t\t\t\t\t\t\t\t\t\t\t\t\t\t\t<img decoding=\"async\" width=\"825\" height=\"380\" src=\"https:\/\/sanjuanbosco.es\/wp-content\/uploads\/2025\/01\/CALENDARIO-24-25.jpg\" class=\"attachment-large size-large\" alt=\"\" loading=\"lazy\" srcset=\"https:\/\/sanjuanbosco.es\/wp-content\/uploads\/2025\/01\/CALENDARIO-24-25.jpg 825w, https:\/\/sanjuanbosco.es\/wp-content\/uploads\/2025\/01\/CALENDARIO-24-25-300x138.jpg 300w, https:\/\/sanjuanbosco.es\/wp-content\/uploads\/2025\/01\/CALENDARIO-24-25-768x354.jpg 768w\" sizes=\"(max-width: 825px) 100vw, 825px\" \/>\t\t\t\t\t\t\t\t\t\t\t\t\t\t\t<\/div>\n\t\t\t\t<\/div>\n\t\t\t\t\t<\/div>\n\t\t<\/div>\n\t\t\t\t\t\t\t<\/div>\n\t\t<\/section>\n\t\t\t\t\t\t\t<\/div>\n\t\t","protected":false},"excerpt":{"rendered":"<p>Como cada curso, el IES San Juan Bosco ser\u00e1 centro<span class=\"more-button\"><a href=\"https:\/\/sanjuanbosco.es\/?p=15634\" class=\"more-link\">Seguir leyendo<span class=\"screen-reader-text\">PRUEBAS DE ACCESO A GRADO MEDIO 2025<\/span><\/a><\/span><\/p>\n","protected":false},"author":2,"featured_media":0,"comment_status":"open","ping_status":"open","sticky":false,"template":"","format":"standard","meta":{"_background_id":0,"_xo_background":[],"ngg_post_thumbnail":0},"categories":[1],"tags":[],"_links":{"self":[{"href":"https:\/\/sanjuanbosco.es\/index.php?rest_route=\/wp\/v2\/posts\/15634"}],"collection":[{"href":"https:\/\/sanjuanbosco.es\/index.php?rest_route=\/wp\/v2\/posts"}],"about":[{"href":"https:\/\/sanjuanbosco.es\/index.php?rest_route=\/wp\/v2\/types\/post"}],"author":[{"embeddable":true,"href":"https:\/\/sanjuanbosco.es\/index.php?rest_route=\/wp\/v2\/users\/2"}],"replies":[{"embeddable":true,"href":"https:\/\/sanjuanbosco.es\/index.php?rest_route=%2Fwp%2Fv2%2Fcomments&post=15634"}],"version-history":[{"count":3,"href":"https:\/\/sanjuanbosco.es\/index.php?rest_route=\/wp\/v2\/posts\/15634\/revisions"}],"predecessor-version":[{"id":15639,"href":"https:\/\/sanjuanbosco.es\/index.php?rest_route=\/wp\/v2\/posts\/15634\/revisions\/15639"}],"wp:attachment":[{"href":"https:\/\/sanjuanbosco.es\/index.php?rest_route=%2Fwp%2Fv2%2Fmedia&parent=15634"}],"wp:term":[{"taxonomy":"category","embeddable":true,"href":"https:\/\/sanjuanbosco.es\/index.php?rest_route=%2Fwp%2Fv2%2Fcategories&post=15634"},{"taxonomy":"post_tag","embeddable":true,"href":"https:\/\/sanjuanbosco.es\/index.php?rest_route=%2Fwp%2Fv2%2Ftags&post=15634"}],"curies":[{"name":"wp","href":"https:\/\/api.w.org\/{rel}","templated":true}]}}