{"id":15668,"date":"2025-01-20T19:03:28","date_gmt":"2025-01-20T17:03:28","guid":{"rendered":"https:\/\/sanjuanbosco.es\/?p=15668"},"modified":"2025-02-12T11:04:42","modified_gmt":"2025-02-12T09:04:42","slug":"mati-rosa-os-anima-a-participar-en-la-iv-carrera-popular-urbana-ies-san-juan-bosco","status":"publish","type":"post","link":"https:\/\/sanjuanbosco.es\/?p=15668","title":{"rendered":"Mati Rosa os anima a participar en la IV Carrera Popular Urbana IES San Juan Bosco"},"content":{"rendered":"\t\t<div data-elementor-type=\"wp-post\" data-elementor-id=\"15668\" class=\"elementor elementor-15668\">\n\t\t\t\t\t\t\t\t\t<section class=\"elementor-section elementor-top-section elementor-element elementor-element-42407f05 elementor-section-boxed elementor-section-height-default elementor-section-height-default\" data-id=\"42407f05\" data-element_type=\"section\">\n\t\t\t\t\t\t<div class=\"elementor-container elementor-column-gap-default\">\n\t\t\t\t\t<div class=\"elementor-column elementor-col-100 elementor-top-column elementor-element elementor-element-23c2d01f\" data-id=\"23c2d01f\" data-element_type=\"column\">\n\t\t\t<div class=\"elementor-widget-wrap elementor-element-populated\">\n\t\t\t\t\t\t\t\t<div class=\"elementor-element elementor-element-c4a0e05 elementor-widget elementor-widget-text-editor\" data-id=\"c4a0e05\" data-element_type=\"widget\" data-widget_type=\"text-editor.default\">\n\t\t\t\t<div class=\"elementor-widget-container\">\n\t\t\t\t\t\t\t<!-- wp:paragraph -->\n<p> <\/p>\n<!-- \/wp:paragraph -->\t\t\t\t\t\t<\/div>\n\t\t\t\t<\/div>\n\t\t\t\t\t<\/div>\n\t\t<\/div>\n\t\t\t\t\t\t\t<\/div>\n\t\t<\/section>\n\t\t\t\t<section class=\"elementor-section elementor-top-section elementor-element elementor-element-19bc62c elementor-section-boxed elementor-section-height-default elementor-section-height-default\" data-id=\"19bc62c\" data-element_type=\"section\">\n\t\t\t\t\t\t<div class=\"elementor-container elementor-column-gap-default\">\n\t\t\t\t\t<div class=\"elementor-column elementor-col-100 elementor-top-column elementor-element elementor-element-bd732ba\" data-id=\"bd732ba\" data-element_type=\"column\">\n\t\t\t<div class=\"elementor-widget-wrap elementor-element-populated\">\n\t\t\t\t\t\t\t\t<div class=\"elementor-element elementor-element-5c491e5 elementor-widget elementor-widget-text-editor\" data-id=\"5c491e5\" data-element_type=\"widget\" data-widget_type=\"text-editor.default\">\n\t\t\t\t<div class=\"elementor-widget-container\">\n\t\t\t\t\t\t\t<div class=\"xdj266r x11i5rnm xat24cr x1mh8g0r x1vvkbs x126k92a\">\n<div dir=\"auto\">Mirad quien nos anima a participar en la IV Carrera Popular Urbana que organiza el <span class=\"html-span xdj266r x11i5rnm xat24cr x1mh8g0r xexx8yu x4uap5 x18d9i69 xkhd6sd x1hl2dhg x16tdsg8 x1vvkbs\"><a class=\"x1i10hfl xjbqb8w x1ejq31n xd10rxx x1sy0etr x17r0tee x972fbf xcfux6l x1qhh985 xm0m39n x9f619 x1ypdohk xt0psk2 xe8uvvx xdj266r x11i5rnm xat24cr x1mh8g0r xexx8yu x4uap5 x18d9i69 xkhd6sd x16tdsg8 x1hl2dhg xggy1nq x1a2a7pz x1sur9pj xkrqix3 x1fey0fg x1s688f\" tabindex=\"0\" role=\"link\" href=\"https:\/\/www.facebook.com\/iessanjuanbosco.jaen?__cft__[0]=AZX9BrBrQtHOyTqzrk-Pi6nfVLpQnAYphUj84rAuXh1vhCaHp6ZfsxvPxFFRCRp5PIncChvuecw6G-JxSKKPkQriKd0gnuRXtXxaF-T1XlWRhCbL3DngAgIFMqANJvh52jxTCJ1PNaFSlgikgGYuCfH37YqvAfwbI2n7sMRxEwW94w&amp;__tn__=-]K-R\"><span class=\"xt0psk2\"><span class=\"xjp7ctv\"><span aria-describedby=\":rf6:\">Ies San Juan Bosco Ja\u00e9n<\/span><\/span><\/span><\/a><\/span> el pr\u00f3ximo 2 de febrero a las 11:00 con salida desde la Plaza de los Jardinillos.<\/div>\n<\/div>\n<div class=\"x11i5rnm xat24cr x1mh8g0r x1vvkbs xtlvy1s x126k92a\">\n<div dir=\"auto\">No s\u00f3lo es uno de los mejores jugadores del Ja\u00e9n Para\u00edso Interior, demuestra tambi\u00e9n que es uno de los m\u00e1s solidarios e implicados. Hoy recibimos la noticia de su firme compromiso con el equipo y la ciudad de Ja\u00e9n y os anima a participar en nuestra carrera. Es Mati Rosa, el goleador del equipo tricampe\u00f3n de la Copa de Espa\u00f1a de f\u00fatbol sala.<\/div>\n<\/div>\n<div class=\"x11i5rnm xat24cr x1mh8g0r x1vvkbs xtlvy1s x126k92a\">\n<div dir=\"auto\">Mil gracias Mati por tu apoyo as\u00ed como al Ja\u00e9n Para\u00edso Interior FS por se abanderado de nuestra ciudad y provincia.<\/div>\n<\/div>\n<div class=\"x11i5rnm xat24cr x1mh8g0r x1vvkbs xtlvy1s x126k92a\">\n<div dir=\"auto\">A\u00fan puedes retirar tu dorsal como nos anima Mati, en el siguiente enlace:<\/div>\n<\/div>\n<div class=\"x11i5rnm xat24cr x1mh8g0r x1vvkbs xtlvy1s x126k92a\">\n<div dir=\"auto\"><span class=\"html-span xexx8yu x4uap5 x18d9i69 xkhd6sd x1hl2dhg x16tdsg8 x1vvkbs x3nfvp2 x1j61x8r x1fcty0u xdj266r xat24cr xgzva0m xhhsvwb xxymvpz xlup9mm x1kky2od\"><img decoding=\"async\" loading=\"lazy\" class=\"xz74otr\" src=\"https:\/\/static.xx.fbcdn.net\/images\/emoji.php\/v9\/t51\/1\/16\/1f449.png\" alt=\"\ud83d\udc49\" width=\"16\" height=\"16\" \/><\/span> <span class=\"html-span xdj266r x11i5rnm xat24cr x1mh8g0r xexx8yu x4uap5 x18d9i69 xkhd6sd x1hl2dhg x16tdsg8 x1vvkbs\"><a class=\"x1i10hfl xjbqb8w x1ejq31n xd10rxx x1sy0etr x17r0tee x972fbf xcfux6l x1qhh985 xm0m39n x9f619 x1ypdohk xt0psk2 xe8uvvx xdj266r x11i5rnm xat24cr x1mh8g0r xexx8yu x4uap5 x18d9i69 xkhd6sd x16tdsg8 x1hl2dhg xggy1nq x1a2a7pz x1sur9pj xkrqix3 x1fey0fg x1s688f\" tabindex=\"0\" role=\"link\" href=\"https:\/\/www.deportime.com\/carrera\/iv-carrera-popular-urbana-i-e-s-san-juan-bosco\/?fbclid=IwZXh0bgNhZW0CMTAAAR3GoOnRva3Z95a1khz16yewTIb26vRClstEMVFUpNrXLFOJLD7iCPv4ATk_aem_13XCmK-twra3hTV6a79OPw\" target=\"_blank\" rel=\"nofollow noopener noreferrer\">https:\/\/www.deportime.com\/&#8230;\/iv-carrera-popular-urbana&#8230;\/<\/a><\/span><\/div>\n<\/div>\n<div class=\"x11i5rnm xat24cr x1mh8g0r x1vvkbs xtlvy1s x126k92a\">\n<div dir=\"auto\">Parte de la recaudaci\u00f3n ir\u00e1 dirigida a la Asociaci\u00f3n de Da\u00f1o Cerebral de Ja\u00e9n.<\/div>\n<\/div>\n<div class=\"x11i5rnm xat24cr x1mh8g0r x1vvkbs xtlvy1s x126k92a\">\n<div dir=\"auto\"><span class=\"html-span xexx8yu x4uap5 x18d9i69 xkhd6sd x1hl2dhg x16tdsg8 x1vvkbs x3nfvp2 x1j61x8r x1fcty0u xdj266r xat24cr xgzva0m xhhsvwb xxymvpz xlup9mm x1kky2od\"><img decoding=\"async\" loading=\"lazy\" class=\"xz74otr\" src=\"https:\/\/static.xx.fbcdn.net\/images\/emoji.php\/v9\/t15\/1\/16\/1f49b.png\" alt=\"\ud83d\udc9b\" width=\"16\" height=\"16\" \/><\/span><span class=\"html-span xexx8yu x4uap5 x18d9i69 xkhd6sd x1hl2dhg x16tdsg8 x1vvkbs x3nfvp2 x1j61x8r x1fcty0u xdj266r xat24cr xgzva0m xhhsvwb xxymvpz xlup9mm x1kky2od\"><img decoding=\"async\" loading=\"lazy\" class=\"xz74otr\" src=\"https:\/\/static.xx.fbcdn.net\/images\/emoji.php\/v9\/t94\/1\/16\/1f49a.png\" alt=\"\ud83d\udc9a\" width=\"16\" height=\"16\" \/><\/span><\/div>\n<\/div>\t\t\t\t\t\t<\/div>\n\t\t\t\t<\/div>\n\t\t\t\t\t<\/div>\n\t\t<\/div>\n\t\t\t\t\t\t\t<\/div>\n\t\t<\/section>\n\t\t\t\t<section class=\"elementor-section elementor-top-section elementor-element elementor-element-3d3e94e elementor-section-boxed elementor-section-height-default elementor-section-height-default\" data-id=\"3d3e94e\" data-element_type=\"section\">\n\t\t\t\t\t\t<div class=\"elementor-container elementor-column-gap-default\">\n\t\t\t\t\t<div class=\"elementor-column elementor-col-100 elementor-top-column elementor-element elementor-element-3ba5c82\" data-id=\"3ba5c82\" data-element_type=\"column\">\n\t\t\t<div class=\"elementor-widget-wrap elementor-element-populated\">\n\t\t\t\t\t\t\t\t<div class=\"elementor-element elementor-element-77bfccb elementor-aspect-ratio-169 elementor-widget elementor-widget-video\" data-id=\"77bfccb\" data-element_type=\"widget\" data-settings=\"{&quot;youtube_url&quot;:&quot;https:\\\/\\\/www.youtube.com\\\/watch?v=YoB88RZsi_U&quot;,&quot;video_type&quot;:&quot;youtube&quot;,&quot;controls&quot;:&quot;yes&quot;,&quot;aspect_ratio&quot;:&quot;169&quot;}\" data-widget_type=\"video.default\">\n\t\t\t\t<div class=\"elementor-widget-container\">\n\t\t\t\t\t<div class=\"elementor-wrapper elementor-fit-aspect-ratio elementor-open-inline\">\n\t\t\t<div class=\"elementor-video\"><\/div>\t\t<\/div>\n\t\t\t\t<\/div>\n\t\t\t\t<\/div>\n\t\t\t\t\t<\/div>\n\t\t<\/div>\n\t\t\t\t\t\t\t<\/div>\n\t\t<\/section>\n\t\t\t\t\t\t\t<\/div>\n\t\t","protected":false},"excerpt":{"rendered":"<p>Mirad quien nos anima a participar en la IV Carrera<span class=\"more-button\"><a href=\"https:\/\/sanjuanbosco.es\/?p=15668\" class=\"more-link\">Seguir leyendo<span class=\"screen-reader-text\">Mati Rosa os anima a participar en la IV Carrera Popular Urbana IES San Juan Bosco<\/span><\/a><\/span><\/p>\n","protected":false},"author":2,"featured_media":15669,"comment_status":"open","ping_status":"open","sticky":false,"template":"","format":"standard","meta":{"_background_id":0,"_xo_background":[],"ngg_post_thumbnail":0},"categories":[1],"tags":[],"_links":{"self":[{"href":"https:\/\/sanjuanbosco.es\/index.php?rest_route=\/wp\/v2\/posts\/15668"}],"collection":[{"href":"https:\/\/sanjuanbosco.es\/index.php?rest_route=\/wp\/v2\/posts"}],"about":[{"href":"https:\/\/sanjuanbosco.es\/index.php?rest_route=\/wp\/v2\/types\/post"}],"author":[{"embeddable":true,"href":"https:\/\/sanjuanbosco.es\/index.php?rest_route=\/wp\/v2\/users\/2"}],"replies":[{"embeddable":true,"href":"https:\/\/sanjuanbosco.es\/index.php?rest_route=%2Fwp%2Fv2%2Fcomments&post=15668"}],"version-history":[{"count":4,"href":"https:\/\/sanjuanbosco.es\/index.php?rest_route=\/wp\/v2\/posts\/15668\/revisions"}],"predecessor-version":[{"id":15673,"href":"https:\/\/sanjuanbosco.es\/index.php?rest_route=\/wp\/v2\/posts\/15668\/revisions\/15673"}],"wp:featuredmedia":[{"embeddable":true,"href":"https:\/\/sanjuanbosco.es\/index.php?rest_route=\/wp\/v2\/media\/15669"}],"wp:attachment":[{"href":"https:\/\/sanjuanbosco.es\/index.php?rest_route=%2Fwp%2Fv2%2Fmedia&parent=15668"}],"wp:term":[{"taxonomy":"category","embeddable":true,"href":"https:\/\/sanjuanbosco.es\/index.php?rest_route=%2Fwp%2Fv2%2Fcategories&post=15668"},{"taxonomy":"post_tag","embeddable":true,"href":"https:\/\/sanjuanbosco.es\/index.php?rest_route=%2Fwp%2Fv2%2Ftags&post=15668"}],"curies":[{"name":"wp","href":"https:\/\/api.w.org\/{rel}","templated":true}]}}