{"id":15711,"date":"2025-01-25T14:20:07","date_gmt":"2025-01-25T12:20:07","guid":{"rendered":"https:\/\/sanjuanbosco.es\/?p=15711"},"modified":"2025-02-12T11:02:31","modified_gmt":"2025-02-12T09:02:31","slug":"javi-sanchez-portero-del-historico-real-jaen-os-anima-a-participar-en-la-iv-carrera-popular-urbana-ies-san-juan-bosco","status":"publish","type":"post","link":"https:\/\/sanjuanbosco.es\/?p=15711","title":{"rendered":"Javi S\u00e1nchez, portero del hist\u00f3rico Real Ja\u00e9n, os anima a participar en la IV Carrera Popular Urbana IES San Juan Bosco"},"content":{"rendered":"\t\t<div data-elementor-type=\"wp-post\" data-elementor-id=\"15711\" class=\"elementor elementor-15711\">\n\t\t\t\t\t\t\t\t\t<section class=\"elementor-section elementor-top-section elementor-element elementor-element-8e8314f elementor-section-boxed elementor-section-height-default elementor-section-height-default\" data-id=\"8e8314f\" data-element_type=\"section\">\n\t\t\t\t\t\t<div class=\"elementor-container elementor-column-gap-default\">\n\t\t\t\t\t<div class=\"elementor-column elementor-col-100 elementor-top-column elementor-element elementor-element-e5fee5e\" data-id=\"e5fee5e\" data-element_type=\"column\">\n\t\t\t<div class=\"elementor-widget-wrap elementor-element-populated\">\n\t\t\t\t\t\t\t\t<div class=\"elementor-element elementor-element-de8cb94 elementor-widget elementor-widget-text-editor\" data-id=\"de8cb94\" data-element_type=\"widget\" data-widget_type=\"text-editor.default\">\n\t\t\t\t<div class=\"elementor-widget-container\">\n\t\t\t\t\t\t\t<p>El Real Ja\u00e9n, club centenario e hist\u00f3rico de la provincia, tambi\u00e9n se suma a la iniciativa solidaria que encarna la IV Carrera Popular Urbana IES San Juan Bosco, que se celebrar\u00e1 el pr\u00f3ximo domingo 2 de febrero de 2025 a las 11:00 con salida desde la Plaza de los Jardinillos.<\/p><p>Javi S\u00e1nchez portero del hist\u00f3rico club de la provincia, os anima a participar por una causa solidaria y es que parte de la recaudaci\u00f3n ser\u00e1 donada a la Asociaci\u00f3n de Da\u00f1o Cerebral de Ja\u00e9n.<\/p><p>Desde el equipo directivo del IES San Juan Bosco agradecemos enormemente este apoyo expl\u00edcito al Real Ja\u00e9n y les deseamos los mayores \u00e9xitos esta temporada y que se culmine con el tan deseado ascenso de categor\u00eda.<\/p><p>\u00a1\u00a1Infinitas gracias!!<\/p>\t\t\t\t\t\t<\/div>\n\t\t\t\t<\/div>\n\t\t\t\t\t<\/div>\n\t\t<\/div>\n\t\t\t\t\t\t\t<\/div>\n\t\t<\/section>\n\t\t\t\t<section class=\"elementor-section elementor-top-section elementor-element elementor-element-bb0ec86 elementor-section-boxed elementor-section-height-default elementor-section-height-default\" data-id=\"bb0ec86\" data-element_type=\"section\">\n\t\t\t\t\t\t<div class=\"elementor-container elementor-column-gap-default\">\n\t\t\t\t\t<div class=\"elementor-column elementor-col-100 elementor-top-column elementor-element elementor-element-37efc5b\" data-id=\"37efc5b\" data-element_type=\"column\">\n\t\t\t<div class=\"elementor-widget-wrap elementor-element-populated\">\n\t\t\t\t\t\t\t\t<div class=\"elementor-element elementor-element-dfac163 elementor-aspect-ratio-169 elementor-widget elementor-widget-video\" data-id=\"dfac163\" data-element_type=\"widget\" data-settings=\"{&quot;youtube_url&quot;:&quot;https:\\\/\\\/www.youtube.com\\\/watch?v=ESr1j1sLAOE&quot;,&quot;video_type&quot;:&quot;youtube&quot;,&quot;controls&quot;:&quot;yes&quot;,&quot;aspect_ratio&quot;:&quot;169&quot;}\" data-widget_type=\"video.default\">\n\t\t\t\t<div class=\"elementor-widget-container\">\n\t\t\t\t\t<div class=\"elementor-wrapper elementor-fit-aspect-ratio elementor-open-inline\">\n\t\t\t<div class=\"elementor-video\"><\/div>\t\t<\/div>\n\t\t\t\t<\/div>\n\t\t\t\t<\/div>\n\t\t\t\t\t<\/div>\n\t\t<\/div>\n\t\t\t\t\t\t\t<\/div>\n\t\t<\/section>\n\t\t\t\t\t\t\t<\/div>\n\t\t","protected":false},"excerpt":{"rendered":"<p>El Real Ja\u00e9n, club centenario e hist\u00f3rico de la provincia,<span class=\"more-button\"><a href=\"https:\/\/sanjuanbosco.es\/?p=15711\" class=\"more-link\">Seguir leyendo<span class=\"screen-reader-text\">Javi S\u00e1nchez, portero del hist\u00f3rico Real Ja\u00e9n, os anima a participar en la IV Carrera Popular Urbana IES San Juan Bosco<\/span><\/a><\/span><\/p>\n","protected":false},"author":2,"featured_media":15712,"comment_status":"open","ping_status":"open","sticky":false,"template":"","format":"standard","meta":{"_background_id":0,"_xo_background":[],"ngg_post_thumbnail":0},"categories":[1],"tags":[],"_links":{"self":[{"href":"https:\/\/sanjuanbosco.es\/index.php?rest_route=\/wp\/v2\/posts\/15711"}],"collection":[{"href":"https:\/\/sanjuanbosco.es\/index.php?rest_route=\/wp\/v2\/posts"}],"about":[{"href":"https:\/\/sanjuanbosco.es\/index.php?rest_route=\/wp\/v2\/types\/post"}],"author":[{"embeddable":true,"href":"https:\/\/sanjuanbosco.es\/index.php?rest_route=\/wp\/v2\/users\/2"}],"replies":[{"embeddable":true,"href":"https:\/\/sanjuanbosco.es\/index.php?rest_route=%2Fwp%2Fv2%2Fcomments&post=15711"}],"version-history":[{"count":4,"href":"https:\/\/sanjuanbosco.es\/index.php?rest_route=\/wp\/v2\/posts\/15711\/revisions"}],"predecessor-version":[{"id":15716,"href":"https:\/\/sanjuanbosco.es\/index.php?rest_route=\/wp\/v2\/posts\/15711\/revisions\/15716"}],"wp:featuredmedia":[{"embeddable":true,"href":"https:\/\/sanjuanbosco.es\/index.php?rest_route=\/wp\/v2\/media\/15712"}],"wp:attachment":[{"href":"https:\/\/sanjuanbosco.es\/index.php?rest_route=%2Fwp%2Fv2%2Fmedia&parent=15711"}],"wp:term":[{"taxonomy":"category","embeddable":true,"href":"https:\/\/sanjuanbosco.es\/index.php?rest_route=%2Fwp%2Fv2%2Fcategories&post=15711"},{"taxonomy":"post_tag","embeddable":true,"href":"https:\/\/sanjuanbosco.es\/index.php?rest_route=%2Fwp%2Fv2%2Ftags&post=15711"}],"curies":[{"name":"wp","href":"https:\/\/api.w.org\/{rel}","templated":true}]}}