{"id":16195,"date":"2025-02-11T13:34:41","date_gmt":"2025-02-11T11:34:41","guid":{"rendered":"https:\/\/sanjuanbosco.es\/?p=16195"},"modified":"2025-02-12T11:01:02","modified_gmt":"2025-02-12T09:01:02","slug":"jornada-de-puertas-abiertas-para-bachillerato-curso-25-26","status":"publish","type":"post","link":"https:\/\/sanjuanbosco.es\/?p=16195","title":{"rendered":"JORNADA DE PUERTAS ABIERTAS PARA BACHILLERATO CURSO 25 &#8211; 26"},"content":{"rendered":"\t\t<div data-elementor-type=\"wp-post\" data-elementor-id=\"16195\" class=\"elementor elementor-16195\">\n\t\t\t\t\t\t\t\t\t<section class=\"elementor-section elementor-top-section elementor-element elementor-element-ef76f57 elementor-section-boxed elementor-section-height-default elementor-section-height-default\" data-id=\"ef76f57\" data-element_type=\"section\">\n\t\t\t\t\t\t<div class=\"elementor-container elementor-column-gap-default\">\n\t\t\t\t\t<div class=\"elementor-column elementor-col-100 elementor-top-column elementor-element elementor-element-d509436\" data-id=\"d509436\" data-element_type=\"column\">\n\t\t\t<div class=\"elementor-widget-wrap elementor-element-populated\">\n\t\t\t\t\t\t\t\t<div class=\"elementor-element elementor-element-e506f78 elementor-widget elementor-widget-text-editor\" data-id=\"e506f78\" data-element_type=\"widget\" data-widget_type=\"text-editor.default\">\n\t\t\t\t<div class=\"elementor-widget-container\">\n\t\t\t\t\t\t\t<div class=\"xdj266r x11i5rnm xat24cr x1mh8g0r x1vvkbs x126k92a\"><div dir=\"auto\"><span class=\"html-span xexx8yu x4uap5 x18d9i69 xkhd6sd x1hl2dhg x16tdsg8 x1vvkbs x3nfvp2 x1j61x8r x1fcty0u xdj266r xat24cr xgzva0m xhhsvwb xxymvpz xlup9mm x1kky2od\"><img decoding=\"async\" loading=\"lazy\" class=\"xz74otr\" src=\"https:\/\/static.xx.fbcdn.net\/images\/emoji.php\/v9\/tac\/1\/16\/1f4cc.png\" alt=\"\ud83d\udccc\" width=\"16\" height=\"16\" \/><\/span> JORNADAS DE PUERTAS ABIERTAS PARA ADMISI\u00d3N A BACHILLERATO. (FAMILIAS Y ALUMNADO)<\/div><\/div><div class=\"x11i5rnm xat24cr x1mh8g0r x1vvkbs xtlvy1s x126k92a\"><div dir=\"auto\">LUNES: 24 DE FEBRERO A LAS 17:30<\/div><div dir=\"auto\">LUGAR: AULA ATECA IES SAN JUAN BOSCO, (situada en la planta baja del centro)<\/div><\/div><div class=\"x11i5rnm xat24cr x1mh8g0r x1vvkbs xtlvy1s x126k92a\"><div dir=\"auto\">Ven a conocer nuestro centro y nuestra oferta acad\u00e9mica si est\u00e1s pensando completar tu formaci\u00f3n en bachillerato.<\/div><\/div>\t\t\t\t\t\t<\/div>\n\t\t\t\t<\/div>\n\t\t\t\t\t<\/div>\n\t\t<\/div>\n\t\t\t\t\t\t\t<\/div>\n\t\t<\/section>\n\t\t\t\t<section class=\"elementor-section elementor-top-section elementor-element elementor-element-8c249c6 elementor-section-boxed elementor-section-height-default elementor-section-height-default\" data-id=\"8c249c6\" data-element_type=\"section\">\n\t\t\t\t\t\t<div class=\"elementor-container elementor-column-gap-default\">\n\t\t\t\t\t<div class=\"elementor-column elementor-col-100 elementor-top-column elementor-element elementor-element-08561db\" data-id=\"08561db\" data-element_type=\"column\">\n\t\t\t<div class=\"elementor-widget-wrap elementor-element-populated\">\n\t\t\t\t\t\t\t\t<div class=\"elementor-element elementor-element-031145a elementor-widget elementor-widget-image\" data-id=\"031145a\" data-element_type=\"widget\" data-widget_type=\"image.default\">\n\t\t\t\t<div class=\"elementor-widget-container\">\n\t\t\t\t\t\t\t\t\t\t\t\t\t\t\t<img decoding=\"async\" width=\"819\" height=\"1024\" src=\"https:\/\/sanjuanbosco.es\/wp-content\/uploads\/2025\/02\/JORNADAS-DE-PUERTAS-ABIERTAS-CURSO-24-25-819x1024.jpg\" class=\"attachment-large size-large\" alt=\"\" loading=\"lazy\" srcset=\"https:\/\/sanjuanbosco.es\/wp-content\/uploads\/2025\/02\/JORNADAS-DE-PUERTAS-ABIERTAS-CURSO-24-25-819x1024.jpg 819w, https:\/\/sanjuanbosco.es\/wp-content\/uploads\/2025\/02\/JORNADAS-DE-PUERTAS-ABIERTAS-CURSO-24-25-240x300.jpg 240w, https:\/\/sanjuanbosco.es\/wp-content\/uploads\/2025\/02\/JORNADAS-DE-PUERTAS-ABIERTAS-CURSO-24-25-768x960.jpg 768w, https:\/\/sanjuanbosco.es\/wp-content\/uploads\/2025\/02\/JORNADAS-DE-PUERTAS-ABIERTAS-CURSO-24-25-1229x1536.jpg 1229w, https:\/\/sanjuanbosco.es\/wp-content\/uploads\/2025\/02\/JORNADAS-DE-PUERTAS-ABIERTAS-CURSO-24-25-1638x2048.jpg 1638w, https:\/\/sanjuanbosco.es\/wp-content\/uploads\/2025\/02\/JORNADAS-DE-PUERTAS-ABIERTAS-CURSO-24-25-scaled.jpg 2048w\" sizes=\"(max-width: 819px) 100vw, 819px\" \/>\t\t\t\t\t\t\t\t\t\t\t\t\t\t\t<\/div>\n\t\t\t\t<\/div>\n\t\t\t\t\t<\/div>\n\t\t<\/div>\n\t\t\t\t\t\t\t<\/div>\n\t\t<\/section>\n\t\t\t\t\t\t\t<\/div>\n\t\t","protected":false},"excerpt":{"rendered":"<p>JORNADAS DE PUERTAS ABIERTAS PARA ADMISI\u00d3N A BACHILLERATO. (FAMILIAS Y<span class=\"more-button\"><a href=\"https:\/\/sanjuanbosco.es\/?p=16195\" class=\"more-link\">Seguir leyendo<span class=\"screen-reader-text\">JORNADA DE PUERTAS ABIERTAS PARA BACHILLERATO CURSO 25 &#8211; 26<\/span><\/a><\/span><\/p>\n","protected":false},"author":2,"featured_media":16196,"comment_status":"open","ping_status":"open","sticky":false,"template":"","format":"standard","meta":{"_background_id":0,"_xo_background":[],"ngg_post_thumbnail":0},"categories":[1],"tags":[],"_links":{"self":[{"href":"https:\/\/sanjuanbosco.es\/index.php?rest_route=\/wp\/v2\/posts\/16195"}],"collection":[{"href":"https:\/\/sanjuanbosco.es\/index.php?rest_route=\/wp\/v2\/posts"}],"about":[{"href":"https:\/\/sanjuanbosco.es\/index.php?rest_route=\/wp\/v2\/types\/post"}],"author":[{"embeddable":true,"href":"https:\/\/sanjuanbosco.es\/index.php?rest_route=\/wp\/v2\/users\/2"}],"replies":[{"embeddable":true,"href":"https:\/\/sanjuanbosco.es\/index.php?rest_route=%2Fwp%2Fv2%2Fcomments&post=16195"}],"version-history":[{"count":4,"href":"https:\/\/sanjuanbosco.es\/index.php?rest_route=\/wp\/v2\/posts\/16195\/revisions"}],"predecessor-version":[{"id":16200,"href":"https:\/\/sanjuanbosco.es\/index.php?rest_route=\/wp\/v2\/posts\/16195\/revisions\/16200"}],"wp:featuredmedia":[{"embeddable":true,"href":"https:\/\/sanjuanbosco.es\/index.php?rest_route=\/wp\/v2\/media\/16196"}],"wp:attachment":[{"href":"https:\/\/sanjuanbosco.es\/index.php?rest_route=%2Fwp%2Fv2%2Fmedia&parent=16195"}],"wp:term":[{"taxonomy":"category","embeddable":true,"href":"https:\/\/sanjuanbosco.es\/index.php?rest_route=%2Fwp%2Fv2%2Fcategories&post=16195"},{"taxonomy":"post_tag","embeddable":true,"href":"https:\/\/sanjuanbosco.es\/index.php?rest_route=%2Fwp%2Fv2%2Ftags&post=16195"}],"curies":[{"name":"wp","href":"https:\/\/api.w.org\/{rel}","templated":true}]}}