{"id":17329,"date":"2025-04-04T13:08:09","date_gmt":"2025-04-04T11:08:09","guid":{"rendered":"https:\/\/sanjuanbosco.es\/?p=17329"},"modified":"2025-04-24T12:31:55","modified_gmt":"2025-04-24T10:31:55","slug":"aprendizajes-y-proyectos-de-los-estudiantes-de-estilismo-y-direccion-de-peluqueria","status":"publish","type":"post","link":"https:\/\/sanjuanbosco.es\/?p=17329","title":{"rendered":"Aprendizajes y Proyectos de los Estudiantes de Estilismo y Direcci\u00f3n de Peluquer\u00eda"},"content":{"rendered":"\t\t<div data-elementor-type=\"wp-page\" data-elementor-id=\"17329\" class=\"elementor elementor-17329\">\n\t\t\t\t\t\t\t\t\t<section class=\"elementor-section elementor-top-section elementor-element elementor-element-40d049f6 elementor-section-boxed elementor-section-height-default elementor-section-height-default\" data-id=\"40d049f6\" data-element_type=\"section\">\n\t\t\t\t\t\t<div class=\"elementor-container elementor-column-gap-default\">\n\t\t\t\t\t<div class=\"elementor-column elementor-col-100 elementor-top-column elementor-element elementor-element-34b529fb\" data-id=\"34b529fb\" data-element_type=\"column\">\n\t\t\t<div class=\"elementor-widget-wrap elementor-element-populated\">\n\t\t\t\t\t\t\t\t<div class=\"elementor-element elementor-element-7a3946c9 elementor-widget elementor-widget-text-editor\" data-id=\"7a3946c9\" data-element_type=\"widget\" data-widget_type=\"text-editor.default\">\n\t\t\t\t<div class=\"elementor-widget-container\">\n\t\t\t\t\t\t\t<p class=\"\" data-start=\"129\" data-end=\"208\"><strong data-start=\"129\" data-end=\"208\">Econom\u00eda Circular en el Primer Curso de Estilismo y Direcci\u00f3n de Peluquer\u00eda<\/strong><\/p><p class=\"\" data-start=\"210\" data-end=\"755\">En el primer curso del ciclo formativo de Grado Superior en Estilismo y Direcci\u00f3n de Peluquer\u00eda (1\u00ba E.D.P.), los estudiantes han trabajado el concepto de \u00abeconom\u00eda circular\u00bb y las 7R de la misma: <strong data-start=\"406\" data-end=\"480\">Redise\u00f1ar, Reducir, Reutilizar, Reparar, Renovar, Recuperar y Reciclar<\/strong>. Para ello, han analizado la empresa espa\u00f1ola <strong data-start=\"527\" data-end=\"537\">Ecoalf<\/strong>, una compa\u00f1\u00eda que dise\u00f1a y fabrica ropa con los pl\u00e1sticos y basura que los pescadores recogen del fondo marino. Adem\u00e1s, han podido analizar otras empresas que implementan alguna o todas las 7R de la econom\u00eda circular.<\/p><p class=\"\" data-start=\"757\" data-end=\"1045\">Finalmente, para realizar una comparaci\u00f3n generacional de estilos de vida, los estudiantes llevaron a cabo una entrevista con una persona mayor de su entorno. Esta actividad les permiti\u00f3 contrastar y conversar sobre los estilos de vida de antes y su relaci\u00f3n con las 7R que han trabajado.<\/p><p class=\"\" data-start=\"1047\" data-end=\"1327\">A continuaci\u00f3n, os dejamos una muestra de dos trabajos. El primer video muestra el trabajo realizado por Mamen y Blanca, y el segundo corresponde al trabajo llevado a cabo por Fran. Esperamos que os gusten y que, con ellos, aprendamos algo m\u00e1s sobre la econom\u00eda circular y sus 7R.<\/p>\t\t\t\t\t\t<\/div>\n\t\t\t\t<\/div>\n\t\t\t\t\t<\/div>\n\t\t<\/div>\n\t\t\t\t\t\t\t<\/div>\n\t\t<\/section>\n\t\t\t\t<section class=\"elementor-section elementor-top-section elementor-element elementor-element-cbf92c6 elementor-section-boxed elementor-section-height-default elementor-section-height-default\" data-id=\"cbf92c6\" data-element_type=\"section\">\n\t\t\t\t\t\t<div class=\"elementor-container elementor-column-gap-default\">\n\t\t\t\t\t<div class=\"elementor-column elementor-col-100 elementor-top-column elementor-element elementor-element-b019091\" data-id=\"b019091\" data-element_type=\"column\">\n\t\t\t<div class=\"elementor-widget-wrap elementor-element-populated\">\n\t\t\t\t\t\t\t\t<div class=\"elementor-element elementor-element-9e6b5f1 elementor-aspect-ratio-169 elementor-widget elementor-widget-video\" data-id=\"9e6b5f1\" data-element_type=\"widget\" data-settings=\"{&quot;youtube_url&quot;:&quot;https:\\\/\\\/youtu.be\\\/HLf3dVGgcnk&quot;,&quot;video_type&quot;:&quot;youtube&quot;,&quot;controls&quot;:&quot;yes&quot;,&quot;aspect_ratio&quot;:&quot;169&quot;}\" data-widget_type=\"video.default\">\n\t\t\t\t<div class=\"elementor-widget-container\">\n\t\t\t\t\t<div class=\"elementor-wrapper elementor-fit-aspect-ratio elementor-open-inline\">\n\t\t\t<div class=\"elementor-video\"><\/div>\t\t<\/div>\n\t\t\t\t<\/div>\n\t\t\t\t<\/div>\n\t\t\t\t\t<\/div>\n\t\t<\/div>\n\t\t\t\t\t\t\t<\/div>\n\t\t<\/section>\n\t\t\t\t<section class=\"elementor-section elementor-top-section elementor-element elementor-element-ea19ecc elementor-section-boxed elementor-section-height-default elementor-section-height-default\" data-id=\"ea19ecc\" data-element_type=\"section\">\n\t\t\t\t\t\t<div class=\"elementor-container elementor-column-gap-default\">\n\t\t\t\t\t<div class=\"elementor-column elementor-col-100 elementor-top-column elementor-element elementor-element-a807707\" data-id=\"a807707\" data-element_type=\"column\">\n\t\t\t<div class=\"elementor-widget-wrap elementor-element-populated\">\n\t\t\t\t\t\t\t\t<div class=\"elementor-element elementor-element-bfaec5e elementor-aspect-ratio-169 elementor-widget elementor-widget-video\" data-id=\"bfaec5e\" data-element_type=\"widget\" data-settings=\"{&quot;youtube_url&quot;:&quot;https:\\\/\\\/youtu.be\\\/1kz9UkafSsQ&quot;,&quot;video_type&quot;:&quot;youtube&quot;,&quot;controls&quot;:&quot;yes&quot;,&quot;aspect_ratio&quot;:&quot;169&quot;}\" data-widget_type=\"video.default\">\n\t\t\t\t<div class=\"elementor-widget-container\">\n\t\t\t\t\t<div class=\"elementor-wrapper elementor-fit-aspect-ratio elementor-open-inline\">\n\t\t\t<div class=\"elementor-video\"><\/div>\t\t<\/div>\n\t\t\t\t<\/div>\n\t\t\t\t<\/div>\n\t\t\t\t\t<\/div>\n\t\t<\/div>\n\t\t\t\t\t\t\t<\/div>\n\t\t<\/section>\n\t\t\t\t\t\t\t<\/div>\n\t\t","protected":false},"excerpt":{"rendered":"<p>Econom\u00eda Circular en el Primer Curso de Estilismo y Direcci\u00f3n<span class=\"more-button\"><a href=\"https:\/\/sanjuanbosco.es\/?p=17329\" class=\"more-link\">Seguir leyendo<span class=\"screen-reader-text\">Aprendizajes y Proyectos de los Estudiantes de Estilismo y Direcci\u00f3n de Peluquer\u00eda<\/span><\/a><\/span><\/p>\n","protected":false},"author":2,"featured_media":14819,"comment_status":"closed","ping_status":"closed","sticky":false,"template":"","format":"standard","meta":{"_background_id":0,"_xo_background":[],"ngg_post_thumbnail":0},"categories":[1],"tags":[],"_links":{"self":[{"href":"https:\/\/sanjuanbosco.es\/index.php?rest_route=\/wp\/v2\/posts\/17329"}],"collection":[{"href":"https:\/\/sanjuanbosco.es\/index.php?rest_route=\/wp\/v2\/posts"}],"about":[{"href":"https:\/\/sanjuanbosco.es\/index.php?rest_route=\/wp\/v2\/types\/post"}],"author":[{"embeddable":true,"href":"https:\/\/sanjuanbosco.es\/index.php?rest_route=\/wp\/v2\/users\/2"}],"replies":[{"embeddable":true,"href":"https:\/\/sanjuanbosco.es\/index.php?rest_route=%2Fwp%2Fv2%2Fcomments&post=17329"}],"version-history":[{"count":4,"href":"https:\/\/sanjuanbosco.es\/index.php?rest_route=\/wp\/v2\/posts\/17329\/revisions"}],"predecessor-version":[{"id":17335,"href":"https:\/\/sanjuanbosco.es\/index.php?rest_route=\/wp\/v2\/posts\/17329\/revisions\/17335"}],"wp:featuredmedia":[{"embeddable":true,"href":"https:\/\/sanjuanbosco.es\/index.php?rest_route=\/wp\/v2\/media\/14819"}],"wp:attachment":[{"href":"https:\/\/sanjuanbosco.es\/index.php?rest_route=%2Fwp%2Fv2%2Fmedia&parent=17329"}],"wp:term":[{"taxonomy":"category","embeddable":true,"href":"https:\/\/sanjuanbosco.es\/index.php?rest_route=%2Fwp%2Fv2%2Fcategories&post=17329"},{"taxonomy":"post_tag","embeddable":true,"href":"https:\/\/sanjuanbosco.es\/index.php?rest_route=%2Fwp%2Fv2%2Ftags&post=17329"}],"curies":[{"name":"wp","href":"https:\/\/api.w.org\/{rel}","templated":true}]}}