{"id":17835,"date":"2025-06-05T12:49:52","date_gmt":"2025-06-05T10:49:52","guid":{"rendered":"https:\/\/sanjuanbosco.es\/?p=17835"},"modified":"2025-06-06T13:48:19","modified_gmt":"2025-06-06T11:48:19","slug":"biblioteca-ies-san-juan-bosco","status":"publish","type":"post","link":"https:\/\/sanjuanbosco.es\/?p=17835","title":{"rendered":"Biblioteca IES San Juan Bosco"},"content":{"rendered":"\t\t<div data-elementor-type=\"wp-post\" data-elementor-id=\"17835\" class=\"elementor elementor-17835\">\n\t\t\t\t\t\t\t\t\t<section class=\"elementor-section elementor-top-section elementor-element elementor-element-98ef27b elementor-section-boxed elementor-section-height-default elementor-section-height-default\" data-id=\"98ef27b\" data-element_type=\"section\">\n\t\t\t\t\t\t<div class=\"elementor-container elementor-column-gap-default\">\n\t\t\t\t\t<div class=\"elementor-column elementor-col-100 elementor-top-column elementor-element elementor-element-e0f5ce1\" data-id=\"e0f5ce1\" data-element_type=\"column\">\n\t\t\t<div class=\"elementor-widget-wrap elementor-element-populated\">\n\t\t\t\t\t\t\t\t<div class=\"elementor-element elementor-element-94a6ad7 elementor-widget elementor-widget-text-editor\" data-id=\"94a6ad7\" data-element_type=\"widget\" data-widget_type=\"text-editor.default\">\n\t\t\t\t<div class=\"elementor-widget-container\">\n\t\t\t\t\t\t\t<p>Hoy queremos mostrar el nuevo espacio dedicado a la Biblioteca del IES San Juan Bosco.<\/p>\t\t\t\t\t\t<\/div>\n\t\t\t\t<\/div>\n\t\t\t\t<div class=\"elementor-element elementor-element-91a90be elementor-widget elementor-widget-image\" data-id=\"91a90be\" data-element_type=\"widget\" data-widget_type=\"image.default\">\n\t\t\t\t<div class=\"elementor-widget-container\">\n\t\t\t\t\t\t\t\t\t\t\t\t\t\t\t<img decoding=\"async\" width=\"768\" height=\"1024\" src=\"https:\/\/sanjuanbosco.es\/wp-content\/uploads\/2025\/06\/IMG-20250605-WA0003-768x1024.jpg\" class=\"attachment-large size-large\" alt=\"\" loading=\"lazy\" srcset=\"https:\/\/sanjuanbosco.es\/wp-content\/uploads\/2025\/06\/IMG-20250605-WA0003-768x1024.jpg 768w, https:\/\/sanjuanbosco.es\/wp-content\/uploads\/2025\/06\/IMG-20250605-WA0003-225x300.jpg 225w, https:\/\/sanjuanbosco.es\/wp-content\/uploads\/2025\/06\/IMG-20250605-WA0003-1152x1536.jpg 1152w, https:\/\/sanjuanbosco.es\/wp-content\/uploads\/2025\/06\/IMG-20250605-WA0003-606x808.jpg 606w, https:\/\/sanjuanbosco.es\/wp-content\/uploads\/2025\/06\/IMG-20250605-WA0003.jpg 1200w\" sizes=\"(max-width: 768px) 100vw, 768px\" \/>\t\t\t\t\t\t\t\t\t\t\t\t\t\t\t<\/div>\n\t\t\t\t<\/div>\n\t\t\t\t<div class=\"elementor-element elementor-element-9934c44 elementor-widget elementor-widget-text-editor\" data-id=\"9934c44\" data-element_type=\"widget\" data-widget_type=\"text-editor.default\">\n\t\t\t\t<div class=\"elementor-widget-container\">\n\t\t\t\t\t\t\t<p>Se ha renovado la entrada a la Biblioteca de nuestro centro. Con la nueva imagen se pretende inspirar a nuestro alumnado a hacer uso de este espacio como un lugar de lectura, de concentraci\u00f3n e inspiraci\u00f3n, y para ello hemos querido tomar como referente la sala de la Biblioteca Literaria Jiennense de la Diputaci\u00f3n Provincial.<\/p>\n<p><a href=\"https:\/\/www.dipujaen.es\/conoce-diputacion\/sedes-y-directorios\/biblioteca-literaria-giennense.html\" target=\"_blank\">https:\/\/www.dipujaen.es\/conoce-diputacion\/sedes-y-directorios\/biblioteca-literaria-giennense.html<\/a><\/p><p><br><\/p>\n<p><\/p>\t\t\t\t\t\t<\/div>\n\t\t\t\t<\/div>\n\t\t\t\t\t<\/div>\n\t\t<\/div>\n\t\t\t\t\t\t\t<\/div>\n\t\t<\/section>\n\t\t\t\t\t\t\t<\/div>\n\t\t","protected":false},"excerpt":{"rendered":"<p>Hoy queremos mostrar el nuevo espacio dedicado a la Biblioteca<span class=\"more-button\"><a href=\"https:\/\/sanjuanbosco.es\/?p=17835\" class=\"more-link\">Seguir leyendo<span class=\"screen-reader-text\">Biblioteca IES San Juan Bosco<\/span><\/a><\/span><\/p>\n","protected":false},"author":2,"featured_media":17836,"comment_status":"open","ping_status":"open","sticky":false,"template":"","format":"standard","meta":{"_background_id":0,"_xo_background":[],"ngg_post_thumbnail":0},"categories":[1],"tags":[],"_links":{"self":[{"href":"https:\/\/sanjuanbosco.es\/index.php?rest_route=\/wp\/v2\/posts\/17835"}],"collection":[{"href":"https:\/\/sanjuanbosco.es\/index.php?rest_route=\/wp\/v2\/posts"}],"about":[{"href":"https:\/\/sanjuanbosco.es\/index.php?rest_route=\/wp\/v2\/types\/post"}],"author":[{"embeddable":true,"href":"https:\/\/sanjuanbosco.es\/index.php?rest_route=\/wp\/v2\/users\/2"}],"replies":[{"embeddable":true,"href":"https:\/\/sanjuanbosco.es\/index.php?rest_route=%2Fwp%2Fv2%2Fcomments&post=17835"}],"version-history":[{"count":6,"href":"https:\/\/sanjuanbosco.es\/index.php?rest_route=\/wp\/v2\/posts\/17835\/revisions"}],"predecessor-version":[{"id":17843,"href":"https:\/\/sanjuanbosco.es\/index.php?rest_route=\/wp\/v2\/posts\/17835\/revisions\/17843"}],"wp:featuredmedia":[{"embeddable":true,"href":"https:\/\/sanjuanbosco.es\/index.php?rest_route=\/wp\/v2\/media\/17836"}],"wp:attachment":[{"href":"https:\/\/sanjuanbosco.es\/index.php?rest_route=%2Fwp%2Fv2%2Fmedia&parent=17835"}],"wp:term":[{"taxonomy":"category","embeddable":true,"href":"https:\/\/sanjuanbosco.es\/index.php?rest_route=%2Fwp%2Fv2%2Fcategories&post=17835"},{"taxonomy":"post_tag","embeddable":true,"href":"https:\/\/sanjuanbosco.es\/index.php?rest_route=%2Fwp%2Fv2%2Ftags&post=17835"}],"curies":[{"name":"wp","href":"https:\/\/api.w.org\/{rel}","templated":true}]}}