{"id":19146,"date":"2026-03-26T13:36:06","date_gmt":"2026-03-26T11:36:06","guid":{"rendered":"https:\/\/sanjuanbosco.es\/?p=19146"},"modified":"2026-06-02T09:19:55","modified_gmt":"2026-06-02T07:19:55","slug":"dia-logos-curso-2025-26","status":"publish","type":"post","link":"https:\/\/sanjuanbosco.es\/?p=19146","title":{"rendered":"Dia-logos Curso 2025\/26"},"content":{"rendered":"<p>Dia-logos es un espacio en el que el alumnado de&nbsp;primero de bachillerato del IES San Juan Bosco&nbsp;reflexionar\u00e1&nbsp;acerca de diferentes temas como el amor,&nbsp;la muerte, el feminismo, la felicidad, la justicia, el aborto,&nbsp;el bullying&#8230;<\/p>\n<p>El t\u00e9rmino griego \u00abLogos\u00bb se traduce por raz\u00f3n, palabra meditada, reflexionada, y el prefijo \u00abdia\u00bb significa&nbsp; a trav\u00e9s de.&nbsp;<\/p>\n<p>En un di\u00e1logo,&nbsp; por tanto, la palabra&nbsp; fluye,&nbsp;se comparte, busca con los dem\u00e1s la opini\u00f3n bien fundamentada, estando dispuestos&nbsp;a reformar las propias;&nbsp; y para ello, los alumnos justificar\u00e1n sus argumentos acudiendo a la filosof\u00eda: Desde S\u00f3crates a Hegel o Nietzsche&#8230;.<\/p>\n<p>Los temas de las&nbsp; primeras entregas est\u00e1n inspirados, entre otros, en el libro Filosof\u00eda en la calle de Eduardo Infante.<\/p>\n<p>Cada lunes se podr\u00e1 escuchar un nuevo podcast resultado de la colaboraci\u00f3n entre el departamento de Filosof\u00eda y el de TIC.<\/p>\n<p>\u00a1Os esperamos!<\/p>\n<p><img decoding=\"async\" title=\"Proyecto nuevo (1)\" src=\"https:\/\/sanjuanbosco.es\/wp-content\/uploads\/2023\/01\/Proyecto-nuevo-1-150x150.png\" alt=\"Proyecto nuevo (1)\"><\/p>\n<p><strong>\u00bfEs el vientre de alquiler una opci\u00f3n moralmente aceptable?<\/strong><\/p>\n<!--[if lt IE 9]><script>document.createElement('audio');<\/script><![endif]-->\n<audio class=\"wp-audio-shortcode\" id=\"audio-19146-1\" preload=\"none\" style=\"width: 100%;\" controls=\"controls\"><source type=\"audio\/mpeg\" src=\"https:\/\/sanjuanbosco.es\/wp-content\/uploads\/2026\/03\/Es-el-vientre-de-alquiler-una-opcion-moralmente-aceptable-1.mp3?_=1\" \/><a href=\"https:\/\/sanjuanbosco.es\/wp-content\/uploads\/2026\/03\/Es-el-vientre-de-alquiler-una-opcion-moralmente-aceptable-1.mp3\">https:\/\/sanjuanbosco.es\/wp-content\/uploads\/2026\/03\/Es-el-vientre-de-alquiler-una-opcion-moralmente-aceptable-1.mp3<\/a><\/audio>\n<p><strong>\u00bfEs el suicidio una soluci\u00f3n para nuestros problemas?<\/strong><\/p>\n<audio class=\"wp-audio-shortcode\" id=\"audio-19146-2\" preload=\"none\" style=\"width: 100%;\" controls=\"controls\"><source type=\"audio\/mpeg\" src=\"https:\/\/sanjuanbosco.es\/wp-content\/uploads\/2026\/03\/\u00bfEs-el-suicidio-una-solucion-para-nuestros-problemas_H.mp3?_=2\" \/><a href=\"https:\/\/sanjuanbosco.es\/wp-content\/uploads\/2026\/03\/\u00bfEs-el-suicidio-una-solucion-para-nuestros-problemas_H.mp3\">https:\/\/sanjuanbosco.es\/wp-content\/uploads\/2026\/03\/\u00bfEs-el-suicidio-una-solucion-para-nuestros-problemas_H.mp3<\/a><\/audio>\n<p><strong>Si te quedas embarazada \u00bfabortar\u00edas?<\/strong><\/p>\n<audio class=\"wp-audio-shortcode\" id=\"audio-19146-3\" preload=\"none\" style=\"width: 100%;\" controls=\"controls\"><source type=\"audio\/mpeg\" src=\"https:\/\/sanjuanbosco.es\/wp-content\/uploads\/2026\/03\/AUD-20260227-WA0024.mp3?_=3\" \/><a href=\"https:\/\/sanjuanbosco.es\/wp-content\/uploads\/2026\/03\/AUD-20260227-WA0024.mp3\">https:\/\/sanjuanbosco.es\/wp-content\/uploads\/2026\/03\/AUD-20260227-WA0024.mp3<\/a><\/audio>\n<audio class=\"wp-audio-shortcode\" id=\"audio-19146-4\" preload=\"none\" style=\"width: 100%;\" controls=\"controls\"><source type=\"audio\/mpeg\" src=\"https:\/\/sanjuanbosco.es\/wp-content\/uploads\/2026\/03\/Debate_-Si-te-quedaras-embarazada-\u00bfabortarias_-2.mp3?_=4\" \/><a href=\"https:\/\/sanjuanbosco.es\/wp-content\/uploads\/2026\/03\/Debate_-Si-te-quedaras-embarazada-\u00bfabortarias_-2.mp3\">https:\/\/sanjuanbosco.es\/wp-content\/uploads\/2026\/03\/Debate_-Si-te-quedaras-embarazada-\u00bfabortarias_-2.mp3<\/a><\/audio>\n<p>&nbsp;<\/p>\n","protected":false},"excerpt":{"rendered":"<p>Dia-logos es un espacio en el que el alumnado de&nbsp;primero<span class=\"more-button\"><a href=\"https:\/\/sanjuanbosco.es\/?p=19146\" class=\"more-link\">Seguir leyendo<span class=\"screen-reader-text\">Dia-logos Curso 2025\/26<\/span><\/a><\/span><\/p>\n","protected":false},"author":52,"featured_media":12744,"comment_status":"open","ping_status":"open","sticky":false,"template":"","format":"standard","meta":{"_background_id":0,"_xo_background":[],"ngg_post_thumbnail":0},"categories":[38],"tags":[],"_links":{"self":[{"href":"https:\/\/sanjuanbosco.es\/index.php?rest_route=\/wp\/v2\/posts\/19146"}],"collection":[{"href":"https:\/\/sanjuanbosco.es\/index.php?rest_route=\/wp\/v2\/posts"}],"about":[{"href":"https:\/\/sanjuanbosco.es\/index.php?rest_route=\/wp\/v2\/types\/post"}],"author":[{"embeddable":true,"href":"https:\/\/sanjuanbosco.es\/index.php?rest_route=\/wp\/v2\/users\/52"}],"replies":[{"embeddable":true,"href":"https:\/\/sanjuanbosco.es\/index.php?rest_route=%2Fwp%2Fv2%2Fcomments&post=19146"}],"version-history":[{"count":11,"href":"https:\/\/sanjuanbosco.es\/index.php?rest_route=\/wp\/v2\/posts\/19146\/revisions"}],"predecessor-version":[{"id":19612,"href":"https:\/\/sanjuanbosco.es\/index.php?rest_route=\/wp\/v2\/posts\/19146\/revisions\/19612"}],"wp:featuredmedia":[{"embeddable":true,"href":"https:\/\/sanjuanbosco.es\/index.php?rest_route=\/wp\/v2\/media\/12744"}],"wp:attachment":[{"href":"https:\/\/sanjuanbosco.es\/index.php?rest_route=%2Fwp%2Fv2%2Fmedia&parent=19146"}],"wp:term":[{"taxonomy":"category","embeddable":true,"href":"https:\/\/sanjuanbosco.es\/index.php?rest_route=%2Fwp%2Fv2%2Fcategories&post=19146"},{"taxonomy":"post_tag","embeddable":true,"href":"https:\/\/sanjuanbosco.es\/index.php?rest_route=%2Fwp%2Fv2%2Ftags&post=19146"}],"curies":[{"name":"wp","href":"https:\/\/api.w.org\/{rel}","templated":true}]}}