{"id":19294,"date":"2026-04-29T09:31:03","date_gmt":"2026-04-29T07:31:03","guid":{"rendered":"https:\/\/sanjuanbosco.es\/?p=19294"},"modified":"2026-05-18T09:27:04","modified_gmt":"2026-05-18T07:27:04","slug":"celebracion-del-dia-del-libro-edicion-del-amigo-invisible-entre-el-profesorado","status":"publish","type":"post","link":"https:\/\/sanjuanbosco.es\/?p=19294","title":{"rendered":"Celebraci\u00f3n del D\u00eda del Libro | Edici\u00f3n del Amigo Invisible entre el Profesorado"},"content":{"rendered":"\t\t<div data-elementor-type=\"wp-post\" data-elementor-id=\"19294\" class=\"elementor elementor-19294\">\n\t\t\t\t\t\t\t\t\t<section class=\"elementor-section elementor-top-section elementor-element elementor-element-2459924 elementor-section-boxed elementor-section-height-default elementor-section-height-default\" data-id=\"2459924\" data-element_type=\"section\">\n\t\t\t\t\t\t<div class=\"elementor-container elementor-column-gap-default\">\n\t\t\t\t\t<div class=\"elementor-column elementor-col-100 elementor-top-column elementor-element elementor-element-8a2920b\" data-id=\"8a2920b\" data-element_type=\"column\">\n\t\t\t<div class=\"elementor-widget-wrap elementor-element-populated\">\n\t\t\t\t\t\t\t\t<div class=\"elementor-element elementor-element-fa4cd72 elementor-widget elementor-widget-text-editor\" data-id=\"fa4cd72\" data-element_type=\"widget\" data-widget_type=\"text-editor.default\">\n\t\t\t\t<div class=\"elementor-widget-container\">\n\t\t\t\t\t\t\t<p>Segundo a\u00f1o que se realiza la actividad del \u201cAmigo\/a invisible\u201d entre el profesorado para celebrar el D\u00eda del Libro.<\/p><p>Un inmenso agradecimiento a todos aquellos que participaron y lo hicieron posible. Debemos se\u00f1alar tambi\u00e9n la colaboraci\u00f3n del alumnado de 1\u00ba ESO A, 3\u00ba ESO, 4\u00ba ESO y 1\u00ba BACH y 2\u00ba BACH en la creaci\u00f3n de la rosa y el marcap\u00e1ginas.<\/p>\t\t\t\t\t\t<\/div>\n\t\t\t\t<\/div>\n\t\t\t\t<div class=\"elementor-element elementor-element-f1901d6 elementor-aspect-ratio-169 elementor-widget elementor-widget-video\" data-id=\"f1901d6\" data-element_type=\"widget\" data-settings=\"{&quot;video_type&quot;:&quot;hosted&quot;,&quot;controls&quot;:&quot;yes&quot;,&quot;aspect_ratio&quot;:&quot;169&quot;}\" data-widget_type=\"video.default\">\n\t\t\t\t<div class=\"elementor-widget-container\">\n\t\t\t\t\t<div class=\"e-hosted-video elementor-wrapper elementor-fit-aspect-ratio elementor-open-inline\">\n\t\t\t\t\t<video class=\"elementor-video\" src=\"https:\/\/sanjuanbosco.es\/wp-content\/uploads\/2026\/04\/4e59f75f-03b4-485d-bbb0-ce107f7d68d8.mp4\" controls=\"\" controlsList=\"nodownload\"><\/video>\n\t\t\t\t<\/div>\n\t\t\t\t<\/div>\n\t\t\t\t<\/div>\n\t\t\t\t\t<\/div>\n\t\t<\/div>\n\t\t\t\t\t\t\t<\/div>\n\t\t<\/section>\n\t\t\t\t\t\t\t<\/div>\n\t\t","protected":false},"excerpt":{"rendered":"<p>Segundo a\u00f1o que se realiza la actividad del \u201cAmigo\/a invisible\u201d<span class=\"more-button\"><a href=\"https:\/\/sanjuanbosco.es\/?p=19294\" class=\"more-link\">Seguir leyendo<span class=\"screen-reader-text\">Celebraci\u00f3n del D\u00eda del Libro | Edici\u00f3n del Amigo Invisible entre el Profesorado<\/span><\/a><\/span><\/p>\n","protected":false},"author":2,"featured_media":19302,"comment_status":"open","ping_status":"open","sticky":false,"template":"","format":"standard","meta":{"_background_id":0,"_xo_background":[],"ngg_post_thumbnail":0},"categories":[1],"tags":[],"_links":{"self":[{"href":"https:\/\/sanjuanbosco.es\/index.php?rest_route=\/wp\/v2\/posts\/19294"}],"collection":[{"href":"https:\/\/sanjuanbosco.es\/index.php?rest_route=\/wp\/v2\/posts"}],"about":[{"href":"https:\/\/sanjuanbosco.es\/index.php?rest_route=\/wp\/v2\/types\/post"}],"author":[{"embeddable":true,"href":"https:\/\/sanjuanbosco.es\/index.php?rest_route=\/wp\/v2\/users\/2"}],"replies":[{"embeddable":true,"href":"https:\/\/sanjuanbosco.es\/index.php?rest_route=%2Fwp%2Fv2%2Fcomments&post=19294"}],"version-history":[{"count":19,"href":"https:\/\/sanjuanbosco.es\/index.php?rest_route=\/wp\/v2\/posts\/19294\/revisions"}],"predecessor-version":[{"id":19325,"href":"https:\/\/sanjuanbosco.es\/index.php?rest_route=\/wp\/v2\/posts\/19294\/revisions\/19325"}],"wp:featuredmedia":[{"embeddable":true,"href":"https:\/\/sanjuanbosco.es\/index.php?rest_route=\/wp\/v2\/media\/19302"}],"wp:attachment":[{"href":"https:\/\/sanjuanbosco.es\/index.php?rest_route=%2Fwp%2Fv2%2Fmedia&parent=19294"}],"wp:term":[{"taxonomy":"category","embeddable":true,"href":"https:\/\/sanjuanbosco.es\/index.php?rest_route=%2Fwp%2Fv2%2Fcategories&post=19294"},{"taxonomy":"post_tag","embeddable":true,"href":"https:\/\/sanjuanbosco.es\/index.php?rest_route=%2Fwp%2Fv2%2Ftags&post=19294"}],"curies":[{"name":"wp","href":"https:\/\/api.w.org\/{rel}","templated":true}]}}