{"id":7224,"date":"2022-02-16T11:32:53","date_gmt":"2022-02-16T09:32:53","guid":{"rendered":"https:\/\/sanjuanbosco.es\/?p=7224"},"modified":"2022-02-16T11:32:55","modified_gmt":"2022-02-16T09:32:55","slug":"mitologia-en-las-calles-de-jaen","status":"publish","type":"post","link":"https:\/\/sanjuanbosco.es\/?p=7224","title":{"rendered":"MITOLOG\u00cdA EN LAS CALLES DE JA\u00c9N"},"content":{"rendered":"\t\t<div data-elementor-type=\"wp-post\" data-elementor-id=\"7224\" class=\"elementor elementor-7224\">\n\t\t\t\t\t\t\t\t\t<section class=\"elementor-section elementor-top-section elementor-element elementor-element-68c8733 elementor-section-boxed elementor-section-height-default elementor-section-height-default\" data-id=\"68c8733\" data-element_type=\"section\">\n\t\t\t\t\t\t<div class=\"elementor-container elementor-column-gap-default\">\n\t\t\t\t\t<div class=\"elementor-column elementor-col-100 elementor-top-column elementor-element elementor-element-9ca134f\" data-id=\"9ca134f\" data-element_type=\"column\">\n\t\t\t<div class=\"elementor-widget-wrap elementor-element-populated\">\n\t\t\t\t\t\t\t\t<div class=\"elementor-element elementor-element-ada2bc2 elementor-widget elementor-widget-text-editor\" data-id=\"ada2bc2\" data-element_type=\"widget\" data-widget_type=\"text-editor.default\">\n\t\t\t\t<div class=\"elementor-widget-container\">\n\t\t\t\t\t\t\t<p><!-- [if gte mso 9]&gt;--><\/p>\n<p><!-- [if gte mso 9]&gt;--><\/p>Las <b>mitolog\u00edas griega y romana<\/b> son desde siempre fuente de inspiraci\u00f3n para la literatura y las artes: pintura, escultura y arquitectura, especialmente. El d\u00eda 28 de enero, nuestro alumnado de 3\u00ba y 4\u00ba de ESO ha podido descubrir por las calles de Ja\u00e9n, en compa\u00f1\u00eda de los profesores del centro, Gregorio Torres y Mar\u00eda \u00c1ngeles Garc\u00eda, varios referentes escult\u00f3ricos y arquitect\u00f3nicos y recordar los mitos y leyendas que se esconden tras ellos. Veamos algunos de ellos.\t\t\t\t\t\t<\/div>\n\t\t\t\t<\/div>\n\t\t\t\t\t<\/div>\n\t\t<\/div>\n\t\t\t\t\t\t\t<\/div>\n\t\t<\/section>\n\t\t\t\t<section class=\"elementor-section elementor-top-section elementor-element elementor-element-4531201 elementor-section-boxed elementor-section-height-default elementor-section-height-default\" data-id=\"4531201\" data-element_type=\"section\">\n\t\t\t\t\t\t<div class=\"elementor-container elementor-column-gap-default\">\n\t\t\t\t\t<div class=\"elementor-column elementor-col-100 elementor-top-column elementor-element elementor-element-466eb75\" data-id=\"466eb75\" data-element_type=\"column\">\n\t\t\t<div class=\"elementor-widget-wrap elementor-element-populated\">\n\t\t\t\t\t\t\t\t<div class=\"elementor-element elementor-element-049b4a6 elementor-widget elementor-widget-image\" data-id=\"049b4a6\" data-element_type=\"widget\" data-widget_type=\"image.default\">\n\t\t\t\t<div class=\"elementor-widget-container\">\n\t\t\t\t\t\t\t\t\t\t\t\t\t\t\t<img decoding=\"async\" width=\"1024\" height=\"683\" src=\"https:\/\/sanjuanbosco.es\/wp-content\/uploads\/2022\/02\/01_Victoria_Plaza_Batallas-1024x683.jpg\" class=\"attachment-large size-large\" alt=\"\" loading=\"lazy\" srcset=\"https:\/\/sanjuanbosco.es\/wp-content\/uploads\/2022\/02\/01_Victoria_Plaza_Batallas-1024x683.jpg 1024w, https:\/\/sanjuanbosco.es\/wp-content\/uploads\/2022\/02\/01_Victoria_Plaza_Batallas-300x200.jpg 300w, https:\/\/sanjuanbosco.es\/wp-content\/uploads\/2022\/02\/01_Victoria_Plaza_Batallas-768x512.jpg 768w, https:\/\/sanjuanbosco.es\/wp-content\/uploads\/2022\/02\/01_Victoria_Plaza_Batallas-1536x1024.jpg 1536w, https:\/\/sanjuanbosco.es\/wp-content\/uploads\/2022\/02\/01_Victoria_Plaza_Batallas-2048x1365.jpg 2048w\" sizes=\"(max-width: 1024px) 100vw, 1024px\" \/>\t\t\t\t\t\t\t\t\t\t\t\t\t\t\t<\/div>\n\t\t\t\t<\/div>\n\t\t\t\t\t<\/div>\n\t\t<\/div>\n\t\t\t\t\t\t\t<\/div>\n\t\t<\/section>\n\t\t\t\t<section class=\"elementor-section elementor-top-section elementor-element elementor-element-b0a265d elementor-section-boxed elementor-section-height-default elementor-section-height-default\" data-id=\"b0a265d\" data-element_type=\"section\">\n\t\t\t\t\t\t<div class=\"elementor-container elementor-column-gap-default\">\n\t\t\t\t\t<div class=\"elementor-column elementor-col-100 elementor-top-column elementor-element elementor-element-f02bf49\" data-id=\"f02bf49\" data-element_type=\"column\">\n\t\t\t<div class=\"elementor-widget-wrap elementor-element-populated\">\n\t\t\t\t\t\t\t\t<div class=\"elementor-element elementor-element-cf5a76e elementor-widget elementor-widget-text-editor\" data-id=\"cf5a76e\" data-element_type=\"widget\" data-widget_type=\"text-editor.default\">\n\t\t\t\t<div class=\"elementor-widget-container\">\n\t\t\t\t\t\t\t<p>Presidiendo la Plaza de las Batallas, se halla la diosa alada Victoria, la griega Nike, perteneciente a la primera generaci\u00f3n de los dioses y que siempre acompa\u00f1a a Zeus y a Atenea en sus batallas. Aqu\u00ed, la estatua conmemora las victorias en las batallas de las Navas de Tolosa, de 1212, y de Bail\u00e9n, de 1808.<\/p>\t\t\t\t\t\t<\/div>\n\t\t\t\t<\/div>\n\t\t\t\t\t<\/div>\n\t\t<\/div>\n\t\t\t\t\t\t\t<\/div>\n\t\t<\/section>\n\t\t\t\t<section class=\"elementor-section elementor-top-section elementor-element elementor-element-26d5ead elementor-section-boxed elementor-section-height-default elementor-section-height-default\" data-id=\"26d5ead\" data-element_type=\"section\">\n\t\t\t\t\t\t<div class=\"elementor-container elementor-column-gap-default\">\n\t\t\t\t\t<div class=\"elementor-column elementor-col-100 elementor-top-column elementor-element elementor-element-cb0a250\" data-id=\"cb0a250\" data-element_type=\"column\">\n\t\t\t<div class=\"elementor-widget-wrap elementor-element-populated\">\n\t\t\t\t\t\t\t\t<div class=\"elementor-element elementor-element-ff9480f elementor-arrows-position-inside elementor-pagination-position-outside elementor-widget elementor-widget-image-carousel\" data-id=\"ff9480f\" data-element_type=\"widget\" data-settings=\"{&quot;navigation&quot;:&quot;both&quot;,&quot;autoplay&quot;:&quot;yes&quot;,&quot;pause_on_hover&quot;:&quot;yes&quot;,&quot;pause_on_interaction&quot;:&quot;yes&quot;,&quot;autoplay_speed&quot;:5000,&quot;infinite&quot;:&quot;yes&quot;,&quot;speed&quot;:500}\" data-widget_type=\"image-carousel.default\">\n\t\t\t\t<div class=\"elementor-widget-container\">\n\t\t\t\t\t<div class=\"elementor-image-carousel-wrapper swiper-container\" dir=\"ltr\">\n\t\t\t<div class=\"elementor-image-carousel swiper-wrapper\">\n\t\t\t\t\t\t\t\t<div class=\"swiper-slide\"><figure class=\"swiper-slide-inner\"><img decoding=\"async\" class=\"swiper-slide-image\" src=\"https:\/\/sanjuanbosco.es\/wp-content\/uploads\/2022\/02\/06_Termino_San_Ildefonso-150x150.jpg\" alt=\"06_Termino_San_Ildefonso\" \/><\/figure><\/div><div class=\"swiper-slide\"><figure class=\"swiper-slide-inner\"><img decoding=\"async\" class=\"swiper-slide-image\" src=\"https:\/\/sanjuanbosco.es\/wp-content\/uploads\/2022\/02\/06_Termino_San_Ildefonso1-150x150.jpg\" alt=\"06_Termino_San_Ildefonso1\" \/><\/figure><\/div><div class=\"swiper-slide\"><figure class=\"swiper-slide-inner\"><img decoding=\"async\" class=\"swiper-slide-image\" src=\"https:\/\/sanjuanbosco.es\/wp-content\/uploads\/2022\/02\/IMG_2964-150x150.jpg\" alt=\"IMG_2964\" \/><\/figure><\/div>\t\t\t<\/div>\n\t\t\t\t\t\t\t\t\t\t\t\t<div class=\"swiper-pagination\"><\/div>\n\t\t\t\t\t\t\t\t\t\t\t\t\t<div class=\"elementor-swiper-button elementor-swiper-button-prev\">\n\t\t\t\t\t\t<i aria-hidden=\"true\" class=\"eicon-chevron-left\"><\/i>\t\t\t\t\t\t<span class=\"elementor-screen-only\">Anterior<\/span>\n\t\t\t\t\t<\/div>\n\t\t\t\t\t<div class=\"elementor-swiper-button elementor-swiper-button-next\">\n\t\t\t\t\t\t<i aria-hidden=\"true\" class=\"eicon-chevron-right\"><\/i>\t\t\t\t\t\t<span class=\"elementor-screen-only\">Siguiente<\/span>\n\t\t\t\t\t<\/div>\n\t\t\t\t\t\t\t\t\t<\/div>\n\t\t\t\t<\/div>\n\t\t\t\t<\/div>\n\t\t\t\t\t<\/div>\n\t\t<\/div>\n\t\t\t\t\t\t\t<\/div>\n\t\t<\/section>\n\t\t\t\t<section class=\"elementor-section elementor-top-section elementor-element elementor-element-c360383 elementor-section-boxed elementor-section-height-default elementor-section-height-default\" data-id=\"c360383\" data-element_type=\"section\">\n\t\t\t\t\t\t<div class=\"elementor-container elementor-column-gap-default\">\n\t\t\t\t\t<div class=\"elementor-column elementor-col-100 elementor-top-column elementor-element elementor-element-6d681c8\" data-id=\"6d681c8\" data-element_type=\"column\">\n\t\t\t<div class=\"elementor-widget-wrap elementor-element-populated\">\n\t\t\t\t\t\t\t\t<div class=\"elementor-element elementor-element-60c7bee elementor-widget elementor-widget-text-editor\" data-id=\"60c7bee\" data-element_type=\"widget\" data-widget_type=\"text-editor.default\">\n\t\t\t\t<div class=\"elementor-widget-container\">\n\t\t\t\t\t\t\t<p>En la portada lateral de la iglesia de San Ildefonso se levantan dos T\u00e9rminos con sus respectivas cabezas, adornadas por sendos cestos de frutas, mirando con recelo hacia la entrada del templo. T\u00e9rmino es una divinidad romana, protectora de las lindes de los campos y de las fronteras de Roma. Defienden las propiedades de las plagas y de los incendios. De la misma manera, estas dos figuras protegen el sagrado templo contra los males de la calle. Estas dos figuras se vuelven a contemplar en la Fuente de los Ca\u00f1os.<\/p>\t\t\t\t\t\t<\/div>\n\t\t\t\t<\/div>\n\t\t\t\t\t<\/div>\n\t\t<\/div>\n\t\t\t\t\t\t\t<\/div>\n\t\t<\/section>\n\t\t\t\t<section class=\"elementor-section elementor-top-section elementor-element elementor-element-08e158f elementor-section-boxed elementor-section-height-default elementor-section-height-default\" data-id=\"08e158f\" data-element_type=\"section\">\n\t\t\t\t\t\t<div class=\"elementor-container elementor-column-gap-default\">\n\t\t\t\t\t<div class=\"elementor-column elementor-col-100 elementor-top-column elementor-element elementor-element-2e0e9ec\" data-id=\"2e0e9ec\" data-element_type=\"column\">\n\t\t\t<div class=\"elementor-widget-wrap elementor-element-populated\">\n\t\t\t\t\t\t\t\t<div class=\"elementor-element elementor-element-6e847f9 elementor-arrows-position-inside elementor-pagination-position-outside elementor-widget elementor-widget-image-carousel\" data-id=\"6e847f9\" data-element_type=\"widget\" data-settings=\"{&quot;navigation&quot;:&quot;both&quot;,&quot;autoplay&quot;:&quot;yes&quot;,&quot;pause_on_hover&quot;:&quot;yes&quot;,&quot;pause_on_interaction&quot;:&quot;yes&quot;,&quot;autoplay_speed&quot;:5000,&quot;infinite&quot;:&quot;yes&quot;,&quot;speed&quot;:500}\" data-widget_type=\"image-carousel.default\">\n\t\t\t\t<div class=\"elementor-widget-container\">\n\t\t\t\t\t<div class=\"elementor-image-carousel-wrapper swiper-container\" dir=\"ltr\">\n\t\t\t<div class=\"elementor-image-carousel swiper-wrapper\">\n\t\t\t\t\t\t\t\t<div class=\"swiper-slide\"><figure class=\"swiper-slide-inner\"><img decoding=\"async\" class=\"swiper-slide-image\" src=\"https:\/\/sanjuanbosco.es\/wp-content\/uploads\/2022\/02\/IMG_2976-150x150.jpg\" alt=\"IMG_2976\" \/><\/figure><\/div><div class=\"swiper-slide\"><figure class=\"swiper-slide-inner\"><img decoding=\"async\" class=\"swiper-slide-image\" src=\"https:\/\/sanjuanbosco.es\/wp-content\/uploads\/2022\/02\/IMG_3000-150x150.jpg\" alt=\"IMG_3000\" \/><\/figure><\/div><div class=\"swiper-slide\"><figure class=\"swiper-slide-inner\"><img decoding=\"async\" class=\"swiper-slide-image\" src=\"https:\/\/sanjuanbosco.es\/wp-content\/uploads\/2022\/02\/IMG_2980-150x150.jpg\" alt=\"IMG_2980\" \/><\/figure><\/div><div class=\"swiper-slide\"><figure class=\"swiper-slide-inner\"><img decoding=\"async\" class=\"swiper-slide-image\" src=\"https:\/\/sanjuanbosco.es\/wp-content\/uploads\/2022\/02\/IMG_2985-150x150.jpg\" alt=\"IMG_2985\" \/><\/figure><\/div><div class=\"swiper-slide\"><figure class=\"swiper-slide-inner\"><img decoding=\"async\" class=\"swiper-slide-image\" src=\"https:\/\/sanjuanbosco.es\/wp-content\/uploads\/2022\/02\/IMG_2982-150x150.jpg\" alt=\"IMG_2982\" \/><\/figure><\/div><div class=\"swiper-slide\"><figure class=\"swiper-slide-inner\"><img decoding=\"async\" class=\"swiper-slide-image\" src=\"https:\/\/sanjuanbosco.es\/wp-content\/uploads\/2022\/02\/IMG_2974-150x150.jpg\" alt=\"IMG_2974\" \/><\/figure><\/div>\t\t\t<\/div>\n\t\t\t\t\t\t\t\t\t\t\t\t<div class=\"swiper-pagination\"><\/div>\n\t\t\t\t\t\t\t\t\t\t\t\t\t<div class=\"elementor-swiper-button elementor-swiper-button-prev\">\n\t\t\t\t\t\t<i aria-hidden=\"true\" class=\"eicon-chevron-left\"><\/i>\t\t\t\t\t\t<span class=\"elementor-screen-only\">Anterior<\/span>\n\t\t\t\t\t<\/div>\n\t\t\t\t\t<div class=\"elementor-swiper-button elementor-swiper-button-next\">\n\t\t\t\t\t\t<i aria-hidden=\"true\" class=\"eicon-chevron-right\"><\/i>\t\t\t\t\t\t<span class=\"elementor-screen-only\">Siguiente<\/span>\n\t\t\t\t\t<\/div>\n\t\t\t\t\t\t\t\t\t<\/div>\n\t\t\t\t<\/div>\n\t\t\t\t<\/div>\n\t\t\t\t\t<\/div>\n\t\t<\/div>\n\t\t\t\t\t\t\t<\/div>\n\t\t<\/section>\n\t\t\t\t<section class=\"elementor-section elementor-top-section elementor-element elementor-element-1c7ee53 elementor-section-boxed elementor-section-height-default elementor-section-height-default\" data-id=\"1c7ee53\" data-element_type=\"section\">\n\t\t\t\t\t\t<div class=\"elementor-container elementor-column-gap-default\">\n\t\t\t\t\t<div class=\"elementor-column elementor-col-100 elementor-top-column elementor-element elementor-element-cbd6a0c\" data-id=\"cbd6a0c\" data-element_type=\"column\">\n\t\t\t<div class=\"elementor-widget-wrap elementor-element-populated\">\n\t\t\t\t\t\t\t\t<div class=\"elementor-element elementor-element-cf58a37 elementor-widget elementor-widget-text-editor\" data-id=\"cf58a37\" data-element_type=\"widget\" data-widget_type=\"text-editor.default\">\n\t\t\t\t<div class=\"elementor-widget-container\">\n\t\t\t\t\t\t\t<p>En la Plaza de la Merced se encuentra el palacio del Capit\u00e1n Quesada Ulloa, en cuya fachada pudimos ver varios elementos. Sobre el escudo que preside la puerta principal se encuentra H\u00e9rcules con la cabeza cubierta por la piel y cabeza del le\u00f3n de Nemea, trofeo obtenido tras su primer trabajo. Tambi\u00e9n se pueden contemplar varios animales mitol\u00f3gicos: el hipocampo, caballo marino que tiraba del carro de Posid\u00f3n, y el drag\u00f3n alado, ser de aspecto terrible que protege las propiedades privadas. Y en la fachada lateral, junto a un balc\u00f3n, se encuentra la escena de Lucrecia, dama cortesana de la antigua Roma, clav\u00e1ndose un pu\u00f1al en el pecho tras confesar a su marido y a su padre el ultraje que le ocasion\u00f3 el perverso hijo del rey Tarquinio el Soberbio. Este terrible hecho levant\u00f3 las iras del pueblo de Roma, que se rebel\u00f3 contra la realeza y provoc\u00f3 la caida de la monarqu\u00eda y el inicio de la rep\u00fablica.<\/p>\t\t\t\t\t\t<\/div>\n\t\t\t\t<\/div>\n\t\t\t\t\t<\/div>\n\t\t<\/div>\n\t\t\t\t\t\t\t<\/div>\n\t\t<\/section>\n\t\t\t\t<section class=\"elementor-section elementor-top-section elementor-element elementor-element-2180284 elementor-section-boxed elementor-section-height-default elementor-section-height-default\" data-id=\"2180284\" data-element_type=\"section\">\n\t\t\t\t\t\t<div class=\"elementor-container elementor-column-gap-default\">\n\t\t\t\t\t<div class=\"elementor-column elementor-col-100 elementor-top-column elementor-element elementor-element-0e25a1b\" data-id=\"0e25a1b\" data-element_type=\"column\">\n\t\t\t<div class=\"elementor-widget-wrap elementor-element-populated\">\n\t\t\t\t\t\t\t\t<div class=\"elementor-element elementor-element-d446e21 elementor-arrows-position-inside elementor-pagination-position-outside elementor-widget elementor-widget-image-carousel\" data-id=\"d446e21\" data-element_type=\"widget\" data-settings=\"{&quot;navigation&quot;:&quot;both&quot;,&quot;autoplay&quot;:&quot;yes&quot;,&quot;pause_on_hover&quot;:&quot;yes&quot;,&quot;pause_on_interaction&quot;:&quot;yes&quot;,&quot;autoplay_speed&quot;:5000,&quot;infinite&quot;:&quot;yes&quot;,&quot;speed&quot;:500}\" data-widget_type=\"image-carousel.default\">\n\t\t\t\t<div class=\"elementor-widget-container\">\n\t\t\t\t\t<div class=\"elementor-image-carousel-wrapper swiper-container\" dir=\"ltr\">\n\t\t\t<div class=\"elementor-image-carousel swiper-wrapper\">\n\t\t\t\t\t\t\t\t<div class=\"swiper-slide\"><figure class=\"swiper-slide-inner\"><img decoding=\"async\" class=\"swiper-slide-image\" src=\"https:\/\/sanjuanbosco.es\/wp-content\/uploads\/2022\/02\/IMG_2968-150x150.jpg\" alt=\"IMG_2968\" \/><\/figure><\/div><div class=\"swiper-slide\"><figure class=\"swiper-slide-inner\"><img decoding=\"async\" class=\"swiper-slide-image\" src=\"https:\/\/sanjuanbosco.es\/wp-content\/uploads\/2022\/02\/IMG_2969-150x150.jpg\" alt=\"IMG_2969\" \/><\/figure><\/div><div class=\"swiper-slide\"><figure class=\"swiper-slide-inner\"><img decoding=\"async\" class=\"swiper-slide-image\" src=\"https:\/\/sanjuanbosco.es\/wp-content\/uploads\/2022\/02\/IMG_2970-150x150.jpg\" alt=\"IMG_2970\" \/><\/figure><\/div><div class=\"swiper-slide\"><figure class=\"swiper-slide-inner\"><img decoding=\"async\" class=\"swiper-slide-image\" src=\"https:\/\/sanjuanbosco.es\/wp-content\/uploads\/2022\/02\/IMG_2971-150x150.jpg\" alt=\"IMG_2971\" \/><\/figure><\/div>\t\t\t<\/div>\n\t\t\t\t\t\t\t\t\t\t\t\t<div class=\"swiper-pagination\"><\/div>\n\t\t\t\t\t\t\t\t\t\t\t\t\t<div class=\"elementor-swiper-button elementor-swiper-button-prev\">\n\t\t\t\t\t\t<i aria-hidden=\"true\" class=\"eicon-chevron-left\"><\/i>\t\t\t\t\t\t<span class=\"elementor-screen-only\">Anterior<\/span>\n\t\t\t\t\t<\/div>\n\t\t\t\t\t<div class=\"elementor-swiper-button elementor-swiper-button-next\">\n\t\t\t\t\t\t<i aria-hidden=\"true\" class=\"eicon-chevron-right\"><\/i>\t\t\t\t\t\t<span class=\"elementor-screen-only\">Siguiente<\/span>\n\t\t\t\t\t<\/div>\n\t\t\t\t\t\t\t\t\t<\/div>\n\t\t\t\t<\/div>\n\t\t\t\t<\/div>\n\t\t\t\t\t<\/div>\n\t\t<\/div>\n\t\t\t\t\t\t\t<\/div>\n\t\t<\/section>\n\t\t\t\t<section class=\"elementor-section elementor-top-section elementor-element elementor-element-017225f elementor-section-boxed elementor-section-height-default elementor-section-height-default\" data-id=\"017225f\" data-element_type=\"section\">\n\t\t\t\t\t\t<div class=\"elementor-container elementor-column-gap-default\">\n\t\t\t\t\t<div class=\"elementor-column elementor-col-100 elementor-top-column elementor-element elementor-element-d84de52\" data-id=\"d84de52\" data-element_type=\"column\">\n\t\t\t<div class=\"elementor-widget-wrap elementor-element-populated\">\n\t\t\t\t\t\t\t\t<div class=\"elementor-element elementor-element-2af68b2 elementor-widget elementor-widget-text-editor\" data-id=\"2af68b2\" data-element_type=\"widget\" data-widget_type=\"text-editor.default\">\n\t\t\t\t<div class=\"elementor-widget-container\">\n\t\t\t\t\t\t\t\t\t\t\t\t\t<\/div>\n\t\t\t\t<\/div>\n\t\t\t\t\t<\/div>\n\t\t<\/div>\n\t\t\t\t\t\t\t<\/div>\n\t\t<\/section>\n\t\t\t\t<section class=\"elementor-section elementor-top-section elementor-element elementor-element-12ac4e1 elementor-section-boxed elementor-section-height-default elementor-section-height-default\" data-id=\"12ac4e1\" data-element_type=\"section\">\n\t\t\t\t\t\t<div class=\"elementor-container elementor-column-gap-default\">\n\t\t\t\t\t<div class=\"elementor-column elementor-col-100 elementor-top-column elementor-element elementor-element-3c03218\" data-id=\"3c03218\" data-element_type=\"column\">\n\t\t\t<div class=\"elementor-widget-wrap elementor-element-populated\">\n\t\t\t\t\t\t\t\t<div class=\"elementor-element elementor-element-99b646a elementor-widget elementor-widget-text-editor\" data-id=\"99b646a\" data-element_type=\"widget\" data-widget_type=\"text-editor.default\">\n\t\t\t\t<div class=\"elementor-widget-container\">\n\t\t\t\t\t\t\t<p>En el n\u00famero 11 de la calle Bernab\u00e9 Soriano encontramos una fachada modernista cuyo balc\u00f3n est\u00e1 sujetado por unos t\u00edmidos telamones, conocidos tambi\u00e9n como atlantes. Este nombre procede de Atlas, tit\u00e1n de la segunda generaci\u00f3n de dioses que lucharon entre s\u00ed. Por resultar perdedor y por haber ense\u00f1ado a los hombres la interpretaci\u00f3n de los astros del cielo, sufre el eterno castigo de soportar sobre sus hombros el peso de todo el universo. En la arquitectura, desde hace muchos siglos se utiliza esta figura mitol\u00f3gica para sostener balconadas de importantes edificios.<\/p>\t\t\t\t\t\t<\/div>\n\t\t\t\t<\/div>\n\t\t\t\t\t<\/div>\n\t\t<\/div>\n\t\t\t\t\t\t\t<\/div>\n\t\t<\/section>\n\t\t\t\t<section class=\"elementor-section elementor-top-section elementor-element elementor-element-c110d1b elementor-section-boxed elementor-section-height-default elementor-section-height-default\" data-id=\"c110d1b\" data-element_type=\"section\">\n\t\t\t\t\t\t<div class=\"elementor-container elementor-column-gap-default\">\n\t\t\t\t\t<div class=\"elementor-column elementor-col-100 elementor-top-column elementor-element elementor-element-94ca83a\" data-id=\"94ca83a\" data-element_type=\"column\">\n\t\t\t<div class=\"elementor-widget-wrap elementor-element-populated\">\n\t\t\t\t\t\t\t\t<div class=\"elementor-element elementor-element-78cd435 elementor-widget elementor-widget-image\" data-id=\"78cd435\" data-element_type=\"widget\" data-widget_type=\"image.default\">\n\t\t\t\t<div class=\"elementor-widget-container\">\n\t\t\t\t\t\t\t\t\t\t\t\t\t\t\t<img decoding=\"async\" width=\"1024\" height=\"683\" src=\"https:\/\/sanjuanbosco.es\/wp-content\/uploads\/2022\/02\/13_termino_fuente_canos-1024x683.jpg\" class=\"attachment-large size-large\" alt=\"\" loading=\"lazy\" srcset=\"https:\/\/sanjuanbosco.es\/wp-content\/uploads\/2022\/02\/13_termino_fuente_canos-1024x683.jpg 1024w, https:\/\/sanjuanbosco.es\/wp-content\/uploads\/2022\/02\/13_termino_fuente_canos-300x200.jpg 300w, https:\/\/sanjuanbosco.es\/wp-content\/uploads\/2022\/02\/13_termino_fuente_canos-768x512.jpg 768w, https:\/\/sanjuanbosco.es\/wp-content\/uploads\/2022\/02\/13_termino_fuente_canos-1536x1024.jpg 1536w, https:\/\/sanjuanbosco.es\/wp-content\/uploads\/2022\/02\/13_termino_fuente_canos-2048x1365.jpg 2048w\" sizes=\"(max-width: 1024px) 100vw, 1024px\" \/>\t\t\t\t\t\t\t\t\t\t\t\t\t\t\t<\/div>\n\t\t\t\t<\/div>\n\t\t\t\t\t<\/div>\n\t\t<\/div>\n\t\t\t\t\t\t\t<\/div>\n\t\t<\/section>\n\t\t\t\t<section class=\"elementor-section elementor-top-section elementor-element elementor-element-f2b22f7 elementor-section-boxed elementor-section-height-default elementor-section-height-default\" data-id=\"f2b22f7\" data-element_type=\"section\">\n\t\t\t\t\t\t<div class=\"elementor-container elementor-column-gap-default\">\n\t\t\t\t\t<div class=\"elementor-column elementor-col-100 elementor-top-column elementor-element elementor-element-2882920\" data-id=\"2882920\" data-element_type=\"column\">\n\t\t\t<div class=\"elementor-widget-wrap elementor-element-populated\">\n\t\t\t\t\t\t\t\t<div class=\"elementor-element elementor-element-b0ea84d elementor-widget elementor-widget-text-editor\" data-id=\"b0ea84d\" data-element_type=\"widget\" data-widget_type=\"text-editor.default\">\n\t\t\t\t<div class=\"elementor-widget-container\">\n\t\t\t\t\t\t\t<p>En la plaza de los Ca\u00f1os se encuentra la monumental fuente del mismo nombre. Est\u00e1 delimitada por dos T\u00e9rminos, semejantes a los que ya vimos en la fachada de la iglesia de San Ildefonso. El agua mana de las tres vasijas que vierten tres\u00a0 figuras acu\u00e1ticas relacionadas con las ninfas de las fuentes y los r\u00edos, hijas de Zeus.<\/p>\t\t\t\t\t\t<\/div>\n\t\t\t\t<\/div>\n\t\t\t\t\t<\/div>\n\t\t<\/div>\n\t\t\t\t\t\t\t<\/div>\n\t\t<\/section>\n\t\t\t\t<section class=\"elementor-section elementor-top-section elementor-element elementor-element-e9d6fa1 elementor-section-boxed elementor-section-height-default elementor-section-height-default\" data-id=\"e9d6fa1\" data-element_type=\"section\">\n\t\t\t\t\t\t<div class=\"elementor-container elementor-column-gap-default\">\n\t\t\t\t\t<div class=\"elementor-column elementor-col-100 elementor-top-column elementor-element elementor-element-b69cd06\" data-id=\"b69cd06\" data-element_type=\"column\">\n\t\t\t<div class=\"elementor-widget-wrap elementor-element-populated\">\n\t\t\t\t\t\t\t\t<div class=\"elementor-element elementor-element-4f24319 elementor-arrows-position-inside elementor-pagination-position-outside elementor-widget elementor-widget-image-carousel\" data-id=\"4f24319\" data-element_type=\"widget\" data-settings=\"{&quot;navigation&quot;:&quot;both&quot;,&quot;autoplay&quot;:&quot;yes&quot;,&quot;pause_on_hover&quot;:&quot;yes&quot;,&quot;pause_on_interaction&quot;:&quot;yes&quot;,&quot;autoplay_speed&quot;:5000,&quot;infinite&quot;:&quot;yes&quot;,&quot;speed&quot;:500}\" data-widget_type=\"image-carousel.default\">\n\t\t\t\t<div class=\"elementor-widget-container\">\n\t\t\t\t\t<div class=\"elementor-image-carousel-wrapper swiper-container\" dir=\"ltr\">\n\t\t\t<div class=\"elementor-image-carousel swiper-wrapper\">\n\t\t\t\t\t\t\t\t<div class=\"swiper-slide\"><figure class=\"swiper-slide-inner\"><img decoding=\"async\" class=\"swiper-slide-image\" src=\"https:\/\/sanjuanbosco.es\/wp-content\/uploads\/2022\/02\/IMG_3005-150x150.jpg\" alt=\"IMG_3005\" \/><\/figure><\/div><div class=\"swiper-slide\"><figure class=\"swiper-slide-inner\"><img decoding=\"async\" class=\"swiper-slide-image\" src=\"https:\/\/sanjuanbosco.es\/wp-content\/uploads\/2022\/02\/12a-escudo-de-armas-Felipe-VI-Vellocino-de-oro-150x150.png\" alt=\"12a escudo de armas Felipe VI - Vellocino de oro\" \/><\/figure><\/div><div class=\"swiper-slide\"><figure class=\"swiper-slide-inner\"><img decoding=\"async\" class=\"swiper-slide-image\" src=\"https:\/\/sanjuanbosco.es\/wp-content\/uploads\/2022\/02\/12b-Collar-Toison-de-Oro-Vellocino-de-oro-150x150.png\" alt=\"12b Collar Tois\u00f3n de Oro - Vellocino de oro\" \/><\/figure><\/div>\t\t\t<\/div>\n\t\t\t\t\t\t\t\t\t\t\t\t<div class=\"swiper-pagination\"><\/div>\n\t\t\t\t\t\t\t\t\t\t\t\t\t<div class=\"elementor-swiper-button elementor-swiper-button-prev\">\n\t\t\t\t\t\t<i aria-hidden=\"true\" class=\"eicon-chevron-left\"><\/i>\t\t\t\t\t\t<span class=\"elementor-screen-only\">Anterior<\/span>\n\t\t\t\t\t<\/div>\n\t\t\t\t\t<div class=\"elementor-swiper-button elementor-swiper-button-next\">\n\t\t\t\t\t\t<i aria-hidden=\"true\" class=\"eicon-chevron-right\"><\/i>\t\t\t\t\t\t<span class=\"elementor-screen-only\">Siguiente<\/span>\n\t\t\t\t\t<\/div>\n\t\t\t\t\t\t\t\t\t<\/div>\n\t\t\t\t<\/div>\n\t\t\t\t<\/div>\n\t\t\t\t\t<\/div>\n\t\t<\/div>\n\t\t\t\t\t\t\t<\/div>\n\t\t<\/section>\n\t\t\t\t<section class=\"elementor-section elementor-top-section elementor-element elementor-element-6bb9b5e elementor-section-boxed elementor-section-height-default elementor-section-height-default\" data-id=\"6bb9b5e\" data-element_type=\"section\">\n\t\t\t\t\t\t<div class=\"elementor-container elementor-column-gap-default\">\n\t\t\t\t\t<div class=\"elementor-column elementor-col-100 elementor-top-column elementor-element elementor-element-faa75b8\" data-id=\"faa75b8\" data-element_type=\"column\">\n\t\t\t<div class=\"elementor-widget-wrap elementor-element-populated\">\n\t\t\t\t\t\t\t\t<div class=\"elementor-element elementor-element-ea6c818 elementor-widget elementor-widget-text-editor\" data-id=\"ea6c818\" data-element_type=\"widget\" data-widget_type=\"text-editor.default\">\n\t\t\t\t<div class=\"elementor-widget-container\">\n\t\t\t\t\t\t\t<p>No es f\u00e1cil de ver. Pero en el escudo imperial que se encuentra en el n\u00ba 5 de la calle Mart\u00ednez Molina, se puede observar, colgando del medall\u00f3n que rodea el escudo, el vellocino de oro, la famosa piel del carnero que pend\u00eda de un \u00e1rbol de la C\u00f3lquide y que fueron a buscar Jas\u00f3n y los mejores h\u00e9roes de la antig\u00fcedad griega, H\u00e9rcules, Teseo, C\u00e1stor y P\u00f3lux, Peleo y Orfeo, entre otros a bordo de la nave Argos.<\/p>\t\t\t\t\t\t<\/div>\n\t\t\t\t<\/div>\n\t\t\t\t\t<\/div>\n\t\t<\/div>\n\t\t\t\t\t\t\t<\/div>\n\t\t<\/section>\n\t\t\t\t<section class=\"elementor-section elementor-top-section elementor-element elementor-element-4aab297 elementor-section-boxed elementor-section-height-default elementor-section-height-default\" data-id=\"4aab297\" data-element_type=\"section\">\n\t\t\t\t\t\t<div class=\"elementor-container elementor-column-gap-default\">\n\t\t\t\t\t<div class=\"elementor-column elementor-col-100 elementor-top-column elementor-element elementor-element-222a52a\" data-id=\"222a52a\" data-element_type=\"column\">\n\t\t\t<div class=\"elementor-widget-wrap elementor-element-populated\">\n\t\t\t\t\t\t\t\t<div class=\"elementor-element elementor-element-35f9a5e elementor-widget elementor-widget-image\" data-id=\"35f9a5e\" data-element_type=\"widget\" data-widget_type=\"image.default\">\n\t\t\t\t<div class=\"elementor-widget-container\">\n\t\t\t\t\t\t\t\t\t\t\t\t\t\t\t<img decoding=\"async\" width=\"640\" height=\"451\" src=\"https:\/\/sanjuanbosco.es\/wp-content\/uploads\/2022\/02\/14-lagarto-de-la-Madalena.jpg\" class=\"attachment-large size-large\" alt=\"\" loading=\"lazy\" srcset=\"https:\/\/sanjuanbosco.es\/wp-content\/uploads\/2022\/02\/14-lagarto-de-la-Madalena.jpg 640w, https:\/\/sanjuanbosco.es\/wp-content\/uploads\/2022\/02\/14-lagarto-de-la-Madalena-300x211.jpg 300w\" sizes=\"(max-width: 640px) 100vw, 640px\" \/>\t\t\t\t\t\t\t\t\t\t\t\t\t\t\t<\/div>\n\t\t\t\t<\/div>\n\t\t\t\t\t<\/div>\n\t\t<\/div>\n\t\t\t\t\t\t\t<\/div>\n\t\t<\/section>\n\t\t\t\t<section class=\"elementor-section elementor-top-section elementor-element elementor-element-fda8633 elementor-section-boxed elementor-section-height-default elementor-section-height-default\" data-id=\"fda8633\" data-element_type=\"section\">\n\t\t\t\t\t\t<div class=\"elementor-container elementor-column-gap-default\">\n\t\t\t\t\t<div class=\"elementor-column elementor-col-100 elementor-top-column elementor-element elementor-element-56f1738\" data-id=\"56f1738\" data-element_type=\"column\">\n\t\t\t<div class=\"elementor-widget-wrap elementor-element-populated\">\n\t\t\t\t\t\t\t\t<div class=\"elementor-element elementor-element-cc0b4e5 elementor-widget elementor-widget-text-editor\" data-id=\"cc0b4e5\" data-element_type=\"widget\" data-widget_type=\"text-editor.default\">\n\t\t\t\t<div class=\"elementor-widget-container\">\n\t\t\t\t\t\t\t<p>En nuestro recorrido no pod\u00eda faltar la leyenda del lagarto de la Madalena que todos nuestros alumnos conocen tan bien y que recordaron alrededor de la escultura que se encuentra en la calle Santo Domingo.<\/p>\t\t\t\t\t\t<\/div>\n\t\t\t\t<\/div>\n\t\t\t\t\t<\/div>\n\t\t<\/div>\n\t\t\t\t\t\t\t<\/div>\n\t\t<\/section>\n\t\t\t\t<section class=\"elementor-section elementor-top-section elementor-element elementor-element-e21b4e8 elementor-section-boxed elementor-section-height-default elementor-section-height-default\" data-id=\"e21b4e8\" data-element_type=\"section\">\n\t\t\t\t\t\t<div class=\"elementor-container elementor-column-gap-default\">\n\t\t\t\t\t<div class=\"elementor-column elementor-col-100 elementor-top-column elementor-element elementor-element-4e00b35\" data-id=\"4e00b35\" data-element_type=\"column\">\n\t\t\t<div class=\"elementor-widget-wrap elementor-element-populated\">\n\t\t\t\t\t\t\t\t<div class=\"elementor-element elementor-element-85a9ade elementor-arrows-position-inside elementor-pagination-position-outside elementor-widget elementor-widget-image-carousel\" data-id=\"85a9ade\" data-element_type=\"widget\" data-settings=\"{&quot;navigation&quot;:&quot;both&quot;,&quot;autoplay&quot;:&quot;yes&quot;,&quot;pause_on_hover&quot;:&quot;yes&quot;,&quot;pause_on_interaction&quot;:&quot;yes&quot;,&quot;autoplay_speed&quot;:5000,&quot;infinite&quot;:&quot;yes&quot;,&quot;speed&quot;:500}\" data-widget_type=\"image-carousel.default\">\n\t\t\t\t<div class=\"elementor-widget-container\">\n\t\t\t\t\t<div class=\"elementor-image-carousel-wrapper swiper-container\" dir=\"ltr\">\n\t\t\t<div class=\"elementor-image-carousel swiper-wrapper\">\n\t\t\t\t\t\t\t\t<div class=\"swiper-slide\"><figure class=\"swiper-slide-inner\"><img decoding=\"async\" class=\"swiper-slide-image\" src=\"https:\/\/sanjuanbosco.es\/wp-content\/uploads\/2022\/02\/15b-gargola-Hospital-de-S-Juan-de-Dios-150x150.png\" alt=\"15b g\u00e1rgola - Hospital de S Juan de Dios\" \/><\/figure><\/div><div class=\"swiper-slide\"><figure class=\"swiper-slide-inner\"><img decoding=\"async\" class=\"swiper-slide-image\" src=\"https:\/\/sanjuanbosco.es\/wp-content\/uploads\/2022\/02\/15a-gargola-Hospital-de-S-Juan-de-Dios-150x150.jpg\" alt=\"15a g\u00e1rgola - Hospital de S Juan de Dios\" \/><\/figure><\/div><div class=\"swiper-slide\"><figure class=\"swiper-slide-inner\"><img decoding=\"async\" class=\"swiper-slide-image\" src=\"https:\/\/sanjuanbosco.es\/wp-content\/uploads\/2022\/02\/15d-gargolas-o-quimera-sXIX-Notre-Dame-Paris-150x150.jpg\" alt=\"15d g\u00e1rgolas o quimera sXIX - Notre Dame - Par\u00eds\" \/><\/figure><\/div><div class=\"swiper-slide\"><figure class=\"swiper-slide-inner\"><img decoding=\"async\" class=\"swiper-slide-image\" src=\"https:\/\/sanjuanbosco.es\/wp-content\/uploads\/2022\/02\/15e-gargolas-o-quimera-sXIX-Notre-Dame-Paris-150x150.jpg\" alt=\"15e g\u00e1rgolas o quimera sXIX - Notre Dame - Par\u00eds\" \/><\/figure><\/div><div class=\"swiper-slide\"><figure class=\"swiper-slide-inner\"><img decoding=\"async\" class=\"swiper-slide-image\" src=\"https:\/\/sanjuanbosco.es\/wp-content\/uploads\/2022\/02\/15f-gargolas-o-quimera-sXIX-Notre-Dame-Paris-150x150.jpg\" alt=\"15f g\u00e1rgolas o quimera sXIX - Notre Dame - Par\u00eds\" \/><\/figure><\/div>\t\t\t<\/div>\n\t\t\t\t\t\t\t\t\t\t\t\t<div class=\"swiper-pagination\"><\/div>\n\t\t\t\t\t\t\t\t\t\t\t\t\t<div class=\"elementor-swiper-button elementor-swiper-button-prev\">\n\t\t\t\t\t\t<i aria-hidden=\"true\" class=\"eicon-chevron-left\"><\/i>\t\t\t\t\t\t<span class=\"elementor-screen-only\">Anterior<\/span>\n\t\t\t\t\t<\/div>\n\t\t\t\t\t<div class=\"elementor-swiper-button elementor-swiper-button-next\">\n\t\t\t\t\t\t<i aria-hidden=\"true\" class=\"eicon-chevron-right\"><\/i>\t\t\t\t\t\t<span class=\"elementor-screen-only\">Siguiente<\/span>\n\t\t\t\t\t<\/div>\n\t\t\t\t\t\t\t\t\t<\/div>\n\t\t\t\t<\/div>\n\t\t\t\t<\/div>\n\t\t\t\t\t<\/div>\n\t\t<\/div>\n\t\t\t\t\t\t\t<\/div>\n\t\t<\/section>\n\t\t\t\t<section class=\"elementor-section elementor-top-section elementor-element elementor-element-16b1a7f elementor-section-boxed elementor-section-height-default elementor-section-height-default\" data-id=\"16b1a7f\" data-element_type=\"section\">\n\t\t\t\t\t\t<div class=\"elementor-container elementor-column-gap-default\">\n\t\t\t\t\t<div class=\"elementor-column elementor-col-100 elementor-top-column elementor-element elementor-element-f2e56f6\" data-id=\"f2e56f6\" data-element_type=\"column\">\n\t\t\t<div class=\"elementor-widget-wrap elementor-element-populated\">\n\t\t\t\t\t\t\t\t<div class=\"elementor-element elementor-element-7232274 elementor-widget elementor-widget-text-editor\" data-id=\"7232274\" data-element_type=\"widget\" data-widget_type=\"text-editor.default\">\n\t\t\t\t<div class=\"elementor-widget-container\">\n\t\t\t\t\t\t\t<p>Y finaliz\u00f3 nuestra visita mitol\u00f3gica delante de la fachada del hospital de San Juan de Dios, en cuya fachada se encuentra una espantosa g\u00e1rgola. Las g\u00e1rgolas son representaciones medievales de hombres, animales, monstruos o demonios, im\u00e1genes de un submundo demon\u00edaco y draconiano, vencidos por una espiritualidad posterior. Vigilan tejados, cornisas y fachadas de templos y asustan a los pecadores. Con frecuencia sirven para evacuar hacia la calle las aguas de tejados y canalones. Las g\u00e1rgolas m\u00e1s c\u00e9lebres se encuentran en las cornisas de la catedral de N\u00f4tre Dame de Par\u00eds. Algunas de ellas las vemos sobre estas palabras.<\/p>\t\t\t\t\t\t<\/div>\n\t\t\t\t<\/div>\n\t\t\t\t\t<\/div>\n\t\t<\/div>\n\t\t\t\t\t\t\t<\/div>\n\t\t<\/section>\n\t\t\t\t<section class=\"elementor-section elementor-top-section elementor-element elementor-element-7cebb2d elementor-section-boxed elementor-section-height-default elementor-section-height-default\" data-id=\"7cebb2d\" data-element_type=\"section\">\n\t\t\t\t\t\t<div class=\"elementor-container elementor-column-gap-default\">\n\t\t\t\t\t<div class=\"elementor-column elementor-col-100 elementor-top-column elementor-element elementor-element-6f76c60\" data-id=\"6f76c60\" data-element_type=\"column\">\n\t\t\t<div class=\"elementor-widget-wrap elementor-element-populated\">\n\t\t\t\t\t\t\t\t<div class=\"elementor-element elementor-element-ee2d99d elementor-widget elementor-widget-image\" data-id=\"ee2d99d\" data-element_type=\"widget\" data-widget_type=\"image.default\">\n\t\t\t\t<div class=\"elementor-widget-container\">\n\t\t\t\t\t\t\t\t\t\t\t\t\t\t\t<img decoding=\"async\" width=\"1024\" height=\"683\" src=\"https:\/\/sanjuanbosco.es\/wp-content\/uploads\/2022\/02\/IMG_3008-1024x683.jpg\" class=\"attachment-large size-large\" alt=\"\" loading=\"lazy\" srcset=\"https:\/\/sanjuanbosco.es\/wp-content\/uploads\/2022\/02\/IMG_3008-1024x683.jpg 1024w, https:\/\/sanjuanbosco.es\/wp-content\/uploads\/2022\/02\/IMG_3008-300x200.jpg 300w, https:\/\/sanjuanbosco.es\/wp-content\/uploads\/2022\/02\/IMG_3008-768x512.jpg 768w, https:\/\/sanjuanbosco.es\/wp-content\/uploads\/2022\/02\/IMG_3008-1536x1024.jpg 1536w, https:\/\/sanjuanbosco.es\/wp-content\/uploads\/2022\/02\/IMG_3008-2048x1365.jpg 2048w\" sizes=\"(max-width: 1024px) 100vw, 1024px\" \/>\t\t\t\t\t\t\t\t\t\t\t\t\t\t\t<\/div>\n\t\t\t\t<\/div>\n\t\t\t\t\t<\/div>\n\t\t<\/div>\n\t\t\t\t\t\t\t<\/div>\n\t\t<\/section>\n\t\t\t\t\t\t\t<\/div>\n\t\t","protected":false},"excerpt":{"rendered":"<p>Ruta mitol\u00f3gica por las calles de Ja\u00e9n con alumnado de 3\u00ba y 4\u00ba de ESO en conmemoraci\u00f3n del d\u00eda de San Juan Bosco. &hellip; <span class=\"more-button\"><a href=\"https:\/\/sanjuanbosco.es\/?p=7224\" class=\"more-link\">Seguir leyendo<span class=\"screen-reader-text\">MITOLOG\u00cdA EN LAS CALLES DE JA\u00c9N<\/span><\/a><\/span><\/p>\n","protected":false},"author":15,"featured_media":7272,"comment_status":"open","ping_status":"open","sticky":false,"template":"","format":"standard","meta":{"_background_id":0,"_xo_background":[],"ngg_post_thumbnail":0},"categories":[1],"tags":[],"_links":{"self":[{"href":"https:\/\/sanjuanbosco.es\/index.php?rest_route=\/wp\/v2\/posts\/7224"}],"collection":[{"href":"https:\/\/sanjuanbosco.es\/index.php?rest_route=\/wp\/v2\/posts"}],"about":[{"href":"https:\/\/sanjuanbosco.es\/index.php?rest_route=\/wp\/v2\/types\/post"}],"author":[{"embeddable":true,"href":"https:\/\/sanjuanbosco.es\/index.php?rest_route=\/wp\/v2\/users\/15"}],"replies":[{"embeddable":true,"href":"https:\/\/sanjuanbosco.es\/index.php?rest_route=%2Fwp%2Fv2%2Fcomments&post=7224"}],"version-history":[{"count":33,"href":"https:\/\/sanjuanbosco.es\/index.php?rest_route=\/wp\/v2\/posts\/7224\/revisions"}],"predecessor-version":[{"id":7308,"href":"https:\/\/sanjuanbosco.es\/index.php?rest_route=\/wp\/v2\/posts\/7224\/revisions\/7308"}],"wp:featuredmedia":[{"embeddable":true,"href":"https:\/\/sanjuanbosco.es\/index.php?rest_route=\/wp\/v2\/media\/7272"}],"wp:attachment":[{"href":"https:\/\/sanjuanbosco.es\/index.php?rest_route=%2Fwp%2Fv2%2Fmedia&parent=7224"}],"wp:term":[{"taxonomy":"category","embeddable":true,"href":"https:\/\/sanjuanbosco.es\/index.php?rest_route=%2Fwp%2Fv2%2Fcategories&post=7224"},{"taxonomy":"post_tag","embeddable":true,"href":"https:\/\/sanjuanbosco.es\/index.php?rest_route=%2Fwp%2Fv2%2Ftags&post=7224"}],"curies":[{"name":"wp","href":"https:\/\/api.w.org\/{rel}","templated":true}]}}