{"id":8503,"date":"2022-05-05T10:18:15","date_gmt":"2022-05-05T08:18:15","guid":{"rendered":"https:\/\/sanjuanbosco.es\/?p=8503"},"modified":"2022-05-05T10:18:28","modified_gmt":"2022-05-05T08:18:28","slug":"literatura-e-informatica-de-la-mano","status":"publish","type":"post","link":"https:\/\/sanjuanbosco.es\/?p=8503","title":{"rendered":"Literatura e Inform\u00e1tica de la mano"},"content":{"rendered":"\t\t<div data-elementor-type=\"wp-post\" data-elementor-id=\"8503\" class=\"elementor elementor-8503\">\n\t\t\t\t\t\t\t\t\t<section class=\"elementor-section elementor-top-section elementor-element elementor-element-8b34bf6 elementor-section-boxed elementor-section-height-default elementor-section-height-default\" data-id=\"8b34bf6\" data-element_type=\"section\">\n\t\t\t\t\t\t<div class=\"elementor-container elementor-column-gap-default\">\n\t\t\t\t\t<div class=\"elementor-column elementor-col-100 elementor-top-column elementor-element elementor-element-277abbd\" data-id=\"277abbd\" data-element_type=\"column\">\n\t\t\t<div class=\"elementor-widget-wrap elementor-element-populated\">\n\t\t\t\t\t\t\t\t<div class=\"elementor-element elementor-element-ea574a8 elementor-widget elementor-widget-text-editor\" data-id=\"ea574a8\" data-element_type=\"widget\" data-widget_type=\"text-editor.default\">\n\t\t\t\t<div class=\"elementor-widget-container\">\n\t\t\t\t\t\t\t<p align=\"justify\">Los profesores D\u00f1a. M\u00aa \u00c1ngeles Garc\u00eda Mu\u00f1oz del departamento de Lengua Castellana y el profesor D. Alfonso R. Rabad\u00e1n L\u00f3pez del departamento de Inform\u00e1tica del IES San Juan Bosco, han desarrollado una actividad donde promover el trabajo interdisciplinar mediante la metodolog\u00eda de trabajo por proyectos. As\u00ed, nuestro alumnado de 4\u00ba de la ESO ha experimentado las conexiones entre ambas disciplinas donde la literatura ha sido el camino y la inform\u00e1tica el medio.<\/p><p align=\"justify\">La actividad ha partido con la lectura por parte del alumnado de la obra de Rimas y leyendas de Gustavo Adolfo B\u00e9cquer. Despu\u00e9s de su an\u00e1lisis, discusi\u00f3n y puesta en com\u00fan en la materia de Lengua, se ha dado un paso m\u00e1s, y en la materia de TIC el alumnado se ha convertido en creador.<\/p><p align=\"justify\">Mediante Scratch el alumnado ha investigado, analizado la informaci\u00f3n, y posteriormente ha sido capaz de elaborar una historia animada sobre esta obra. Esta actividad, ha tenido como base el pensamiento computacional mediante la programaci\u00f3n por bloques con Scratch, incorporando diferentes medios multimedia como texto, im\u00e1genes o sonidos.<\/p><p align=\"justify\">A trav\u00e9s de esta actividad se pone de manifiesto que la alfabetizaci\u00f3n digital adem\u00e1s de ser una capacidad necesaria para formar alumnado del futuro, permite un aprendizaje m\u00e1s activo, participativo y creativo.<\/p>\t\t\t\t\t\t<\/div>\n\t\t\t\t<\/div>\n\t\t\t\t\t<\/div>\n\t\t<\/div>\n\t\t\t\t\t\t\t<\/div>\n\t\t<\/section>\n\t\t\t\t<section class=\"elementor-section elementor-top-section elementor-element elementor-element-3dee762 elementor-section-boxed elementor-section-height-default elementor-section-height-default\" data-id=\"3dee762\" data-element_type=\"section\">\n\t\t\t\t\t\t<div class=\"elementor-container elementor-column-gap-default\">\n\t\t\t\t\t<div class=\"elementor-column elementor-col-50 elementor-top-column elementor-element elementor-element-e1bc909\" data-id=\"e1bc909\" data-element_type=\"column\">\n\t\t\t<div class=\"elementor-widget-wrap elementor-element-populated\">\n\t\t\t\t\t\t\t\t<div class=\"elementor-element elementor-element-0eb3127 elementor-widget elementor-widget-image\" data-id=\"0eb3127\" data-element_type=\"widget\" data-widget_type=\"image.default\">\n\t\t\t\t<div class=\"elementor-widget-container\">\n\t\t\t\t\t\t\t\t\t\t\t\t<figure class=\"wp-caption\">\n\t\t\t\t\t\t\t\t\t\t\t<a href=\"https:\/\/scratch.mit.edu\/projects\/644645123\" target=\"_blank\">\n\t\t\t\t\t\t\t<img decoding=\"async\" width=\"479\" height=\"360\" src=\"https:\/\/sanjuanbosco.es\/wp-content\/uploads\/2022\/05\/rayodeluna.png\" class=\"attachment-large size-large\" alt=\"\" loading=\"lazy\" srcset=\"https:\/\/sanjuanbosco.es\/wp-content\/uploads\/2022\/05\/rayodeluna.png 479w, https:\/\/sanjuanbosco.es\/wp-content\/uploads\/2022\/05\/rayodeluna-300x225.png 300w\" sizes=\"(max-width: 479px) 100vw, 479px\" \/>\t\t\t\t\t\t\t\t<\/a>\n\t\t\t\t\t\t\t\t\t\t\t<figcaption class=\"widget-image-caption wp-caption-text\">El rayo de luna<\/figcaption>\n\t\t\t\t\t\t\t\t\t\t<\/figure>\n\t\t\t\t\t\t\t\t\t<\/div>\n\t\t\t\t<\/div>\n\t\t\t\t\t<\/div>\n\t\t<\/div>\n\t\t\t\t<div class=\"elementor-column elementor-col-50 elementor-top-column elementor-element elementor-element-fe39fd5\" data-id=\"fe39fd5\" data-element_type=\"column\">\n\t\t\t<div class=\"elementor-widget-wrap elementor-element-populated\">\n\t\t\t\t\t\t\t\t<div class=\"elementor-element elementor-element-ed1dfbd elementor-widget elementor-widget-image\" data-id=\"ed1dfbd\" data-element_type=\"widget\" data-widget_type=\"image.default\">\n\t\t\t\t<div class=\"elementor-widget-container\">\n\t\t\t\t\t\t\t\t\t\t\t\t<figure class=\"wp-caption\">\n\t\t\t\t\t\t\t\t\t\t\t<a href=\"https:\/\/scratch.mit.edu\/projects\/645205517\" target=\"_blank\">\n\t\t\t\t\t\t\t<img decoding=\"async\" width=\"483\" height=\"362\" src=\"https:\/\/sanjuanbosco.es\/wp-content\/uploads\/2022\/05\/los_ojos_verdes.png\" class=\"attachment-large size-large\" alt=\"\" loading=\"lazy\" srcset=\"https:\/\/sanjuanbosco.es\/wp-content\/uploads\/2022\/05\/los_ojos_verdes.png 483w, https:\/\/sanjuanbosco.es\/wp-content\/uploads\/2022\/05\/los_ojos_verdes-300x225.png 300w\" sizes=\"(max-width: 483px) 100vw, 483px\" \/>\t\t\t\t\t\t\t\t<\/a>\n\t\t\t\t\t\t\t\t\t\t\t<figcaption class=\"widget-image-caption wp-caption-text\">Los ojos verdes<\/figcaption>\n\t\t\t\t\t\t\t\t\t\t<\/figure>\n\t\t\t\t\t\t\t\t\t<\/div>\n\t\t\t\t<\/div>\n\t\t\t\t\t<\/div>\n\t\t<\/div>\n\t\t\t\t\t\t\t<\/div>\n\t\t<\/section>\n\t\t\t\t<section class=\"elementor-section elementor-top-section elementor-element elementor-element-c44a7da elementor-section-boxed elementor-section-height-default elementor-section-height-default\" data-id=\"c44a7da\" data-element_type=\"section\">\n\t\t\t\t\t\t<div class=\"elementor-container elementor-column-gap-default\">\n\t\t\t\t\t<div class=\"elementor-column elementor-col-50 elementor-top-column elementor-element elementor-element-2a60615\" data-id=\"2a60615\" data-element_type=\"column\">\n\t\t\t<div class=\"elementor-widget-wrap elementor-element-populated\">\n\t\t\t\t\t\t\t\t<div class=\"elementor-element elementor-element-4729c89 elementor-widget elementor-widget-text-editor\" data-id=\"4729c89\" data-element_type=\"widget\" data-widget_type=\"text-editor.default\">\n\t\t\t\t<div class=\"elementor-widget-container\">\n\t\t\t\t\t\t\t<p><span style=\"font-size: 15px;\">Autores: Javier Aguilar Paulano y Cristian Milla L\u00f3pez.<\/span><\/p>\t\t\t\t\t\t<\/div>\n\t\t\t\t<\/div>\n\t\t\t\t\t<\/div>\n\t\t<\/div>\n\t\t\t\t<div class=\"elementor-column elementor-col-50 elementor-top-column elementor-element elementor-element-02cec7d\" data-id=\"02cec7d\" data-element_type=\"column\">\n\t\t\t<div class=\"elementor-widget-wrap elementor-element-populated\">\n\t\t\t\t\t\t\t\t<div class=\"elementor-element elementor-element-5e3f4e6 elementor-widget elementor-widget-text-editor\" data-id=\"5e3f4e6\" data-element_type=\"widget\" data-widget_type=\"text-editor.default\">\n\t\t\t\t<div class=\"elementor-widget-container\">\n\t\t\t\t\t\t\t<span style=\"font-size: 15px\">Autores: Iv\u00e1n Alonso Guzm\u00e1n y Pablo Vico Fern\u00e1ndez.<\/span>\t\t\t\t\t\t<\/div>\n\t\t\t\t<\/div>\n\t\t\t\t\t<\/div>\n\t\t<\/div>\n\t\t\t\t\t\t\t<\/div>\n\t\t<\/section>\n\t\t\t\t<section class=\"elementor-section elementor-top-section elementor-element elementor-element-5ee49c1 elementor-section-boxed elementor-section-height-default elementor-section-height-default\" data-id=\"5ee49c1\" data-element_type=\"section\">\n\t\t\t\t\t\t<div class=\"elementor-container elementor-column-gap-default\">\n\t\t\t\t\t<div class=\"elementor-column elementor-col-50 elementor-top-column elementor-element elementor-element-42d62ed\" data-id=\"42d62ed\" data-element_type=\"column\">\n\t\t\t<div class=\"elementor-widget-wrap elementor-element-populated\">\n\t\t\t\t\t\t\t\t<div class=\"elementor-element elementor-element-1040982 elementor-widget elementor-widget-image\" data-id=\"1040982\" data-element_type=\"widget\" data-widget_type=\"image.default\">\n\t\t\t\t<div class=\"elementor-widget-container\">\n\t\t\t\t\t\t\t\t\t\t\t\t<figure class=\"wp-caption\">\n\t\t\t\t\t\t\t\t\t\t\t<a href=\"https:\/\/scratch.mit.edu\/projects\/640762394\" target=\"_blank\">\n\t\t\t\t\t\t\t<img decoding=\"async\" width=\"480\" height=\"360\" src=\"https:\/\/sanjuanbosco.es\/wp-content\/uploads\/2022\/05\/monte_animas.png\" class=\"attachment-large size-large\" alt=\"\" loading=\"lazy\" srcset=\"https:\/\/sanjuanbosco.es\/wp-content\/uploads\/2022\/05\/monte_animas.png 480w, https:\/\/sanjuanbosco.es\/wp-content\/uploads\/2022\/05\/monte_animas-300x225.png 300w\" sizes=\"(max-width: 480px) 100vw, 480px\" \/>\t\t\t\t\t\t\t\t<\/a>\n\t\t\t\t\t\t\t\t\t\t\t<figcaption class=\"widget-image-caption wp-caption-text\">El monte de las \u00c1nimas<\/figcaption>\n\t\t\t\t\t\t\t\t\t\t<\/figure>\n\t\t\t\t\t\t\t\t\t<\/div>\n\t\t\t\t<\/div>\n\t\t\t\t\t<\/div>\n\t\t<\/div>\n\t\t\t\t<div class=\"elementor-column elementor-col-50 elementor-top-column elementor-element elementor-element-09e17c2\" data-id=\"09e17c2\" data-element_type=\"column\">\n\t\t\t<div class=\"elementor-widget-wrap elementor-element-populated\">\n\t\t\t\t\t\t\t\t<div class=\"elementor-element elementor-element-af05168 elementor-widget elementor-widget-image\" data-id=\"af05168\" data-element_type=\"widget\" data-widget_type=\"image.default\">\n\t\t\t\t<div class=\"elementor-widget-container\">\n\t\t\t\t\t\t\t\t\t\t\t\t<figure class=\"wp-caption\">\n\t\t\t\t\t\t\t\t\t\t\t<a href=\"https:\/\/scratch.mit.edu\/projects\/640765816\/\" target=\"_blank\">\n\t\t\t\t\t\t\t<img decoding=\"async\" width=\"480\" height=\"357\" src=\"https:\/\/sanjuanbosco.es\/wp-content\/uploads\/2022\/05\/maese_perez1.png\" class=\"attachment-large size-large\" alt=\"\" loading=\"lazy\" srcset=\"https:\/\/sanjuanbosco.es\/wp-content\/uploads\/2022\/05\/maese_perez1.png 480w, https:\/\/sanjuanbosco.es\/wp-content\/uploads\/2022\/05\/maese_perez1-300x223.png 300w\" sizes=\"(max-width: 480px) 100vw, 480px\" \/>\t\t\t\t\t\t\t\t<\/a>\n\t\t\t\t\t\t\t\t\t\t\t<figcaption class=\"widget-image-caption wp-caption-text\">Maese P\u00e9rez el organista<\/figcaption>\n\t\t\t\t\t\t\t\t\t\t<\/figure>\n\t\t\t\t\t\t\t\t\t<\/div>\n\t\t\t\t<\/div>\n\t\t\t\t\t<\/div>\n\t\t<\/div>\n\t\t\t\t\t\t\t<\/div>\n\t\t<\/section>\n\t\t\t\t<section class=\"elementor-section elementor-top-section elementor-element elementor-element-e7c66d6 elementor-section-boxed elementor-section-height-default elementor-section-height-default\" data-id=\"e7c66d6\" data-element_type=\"section\">\n\t\t\t\t\t\t<div class=\"elementor-container elementor-column-gap-default\">\n\t\t\t\t\t<div class=\"elementor-column elementor-col-50 elementor-top-column elementor-element elementor-element-d1681cd\" data-id=\"d1681cd\" data-element_type=\"column\">\n\t\t\t<div class=\"elementor-widget-wrap elementor-element-populated\">\n\t\t\t\t\t\t\t\t<div class=\"elementor-element elementor-element-e87c9fc elementor-widget elementor-widget-text-editor\" data-id=\"e87c9fc\" data-element_type=\"widget\" data-widget_type=\"text-editor.default\">\n\t\t\t\t<div class=\"elementor-widget-container\">\n\t\t\t\t\t\t\t<span style=\"font-size: 15px\">Autores: Hugo Caballero Fuentes y Luis Fernando Guti\u00e9rrez L\u00f3pez.<\/span>\t\t\t\t\t\t<\/div>\n\t\t\t\t<\/div>\n\t\t\t\t\t<\/div>\n\t\t<\/div>\n\t\t\t\t<div class=\"elementor-column elementor-col-50 elementor-top-column elementor-element elementor-element-4377b8e\" data-id=\"4377b8e\" data-element_type=\"column\">\n\t\t\t<div class=\"elementor-widget-wrap elementor-element-populated\">\n\t\t\t\t\t\t\t\t<div class=\"elementor-element elementor-element-7600d47 elementor-widget elementor-widget-text-editor\" data-id=\"7600d47\" data-element_type=\"widget\" data-widget_type=\"text-editor.default\">\n\t\t\t\t<div class=\"elementor-widget-container\">\n\t\t\t\t\t\t\t<span style=\"font-size: 15px\">Autores: \u00c1lvaro Valderrama Ruiz, Purificaci\u00f3n Moreno Cort\u00e9s y Samuel Borges Rabelo.<\/span>\t\t\t\t\t\t<\/div>\n\t\t\t\t<\/div>\n\t\t\t\t\t<\/div>\n\t\t<\/div>\n\t\t\t\t\t\t\t<\/div>\n\t\t<\/section>\n\t\t\t\t\t\t\t<\/div>\n\t\t","protected":false},"excerpt":{"rendered":"<p>Actividad donde se fomenta el trabajo interdisciplinar mediante la metodolog\u00eda de trabajo por proyectos. Nuestro alumnado de 4\u00ba de la ESO ha experimentado las conexiones entre ambas disciplinas donde la literatura ha sido el camino y la inform\u00e1tica el medio. &hellip; <span class=\"more-button\"><a href=\"https:\/\/sanjuanbosco.es\/?p=8503\" class=\"more-link\">Seguir leyendo<span class=\"screen-reader-text\">Literatura e Inform\u00e1tica de la mano<\/span><\/a><\/span><\/p>\n","protected":false},"author":2,"featured_media":8519,"comment_status":"closed","ping_status":"open","sticky":false,"template":"","format":"standard","meta":{"_background_id":0,"_xo_background":[],"ngg_post_thumbnail":0},"categories":[1],"tags":[],"_links":{"self":[{"href":"https:\/\/sanjuanbosco.es\/index.php?rest_route=\/wp\/v2\/posts\/8503"}],"collection":[{"href":"https:\/\/sanjuanbosco.es\/index.php?rest_route=\/wp\/v2\/posts"}],"about":[{"href":"https:\/\/sanjuanbosco.es\/index.php?rest_route=\/wp\/v2\/types\/post"}],"author":[{"embeddable":true,"href":"https:\/\/sanjuanbosco.es\/index.php?rest_route=\/wp\/v2\/users\/2"}],"replies":[{"embeddable":true,"href":"https:\/\/sanjuanbosco.es\/index.php?rest_route=%2Fwp%2Fv2%2Fcomments&post=8503"}],"version-history":[{"count":24,"href":"https:\/\/sanjuanbosco.es\/index.php?rest_route=\/wp\/v2\/posts\/8503\/revisions"}],"predecessor-version":[{"id":8536,"href":"https:\/\/sanjuanbosco.es\/index.php?rest_route=\/wp\/v2\/posts\/8503\/revisions\/8536"}],"wp:featuredmedia":[{"embeddable":true,"href":"https:\/\/sanjuanbosco.es\/index.php?rest_route=\/wp\/v2\/media\/8519"}],"wp:attachment":[{"href":"https:\/\/sanjuanbosco.es\/index.php?rest_route=%2Fwp%2Fv2%2Fmedia&parent=8503"}],"wp:term":[{"taxonomy":"category","embeddable":true,"href":"https:\/\/sanjuanbosco.es\/index.php?rest_route=%2Fwp%2Fv2%2Fcategories&post=8503"},{"taxonomy":"post_tag","embeddable":true,"href":"https:\/\/sanjuanbosco.es\/index.php?rest_route=%2Fwp%2Fv2%2Ftags&post=8503"}],"curies":[{"name":"wp","href":"https:\/\/api.w.org\/{rel}","templated":true}]}}