{"id":9696,"date":"2022-10-31T14:19:34","date_gmt":"2022-10-31T12:19:34","guid":{"rendered":"https:\/\/sanjuanbosco.es\/?p=9696"},"modified":"2022-11-02T15:38:40","modified_gmt":"2022-11-02T13:38:40","slug":"reconocimiento-al-ies-san-juan-bosco-por-su-participacion-en-el-programa-erasmus-jaen-vi-formacion-profesional","status":"publish","type":"post","link":"https:\/\/sanjuanbosco.es\/?p=9696","title":{"rendered":"Reconocimiento al IES San Juan Bosco por su participaci\u00f3n en el Programa Erasmus \u00abJa\u00e9n + VI, Formaci\u00f3n Profesional"},"content":{"rendered":"\t\t<div data-elementor-type=\"wp-post\" data-elementor-id=\"9696\" class=\"elementor elementor-9696\">\n\t\t\t\t\t\t\t\t\t<section class=\"elementor-section elementor-top-section elementor-element elementor-element-96b1b5e elementor-section-boxed elementor-section-height-default elementor-section-height-default\" data-id=\"96b1b5e\" data-element_type=\"section\">\n\t\t\t\t\t\t<div class=\"elementor-container elementor-column-gap-default\">\n\t\t\t\t\t<div class=\"elementor-column elementor-col-100 elementor-top-column elementor-element elementor-element-dcac91d\" data-id=\"dcac91d\" data-element_type=\"column\">\n\t\t\t<div class=\"elementor-widget-wrap elementor-element-populated\">\n\t\t\t\t\t\t\t\t<div class=\"elementor-element elementor-element-02454e9 elementor-widget elementor-widget-text-editor\" data-id=\"02454e9\" data-element_type=\"widget\" data-widget_type=\"text-editor.default\">\n\t\t\t\t<div class=\"elementor-widget-container\">\n\t\t\t\t\t\t\t\t\t\t\t\t\t<\/div>\n\t\t\t\t<\/div>\n\t\t\t\t\t<\/div>\n\t\t<\/div>\n\t\t\t\t\t\t\t<\/div>\n\t\t<\/section>\n\t\t\t\t<section class=\"elementor-section elementor-top-section elementor-element elementor-element-5f45590 elementor-section-boxed elementor-section-height-default elementor-section-height-default\" data-id=\"5f45590\" data-element_type=\"section\">\n\t\t\t\t\t\t<div class=\"elementor-container elementor-column-gap-default\">\n\t\t\t\t\t<div class=\"elementor-column elementor-col-100 elementor-top-column elementor-element elementor-element-a7c6b5f\" data-id=\"a7c6b5f\" data-element_type=\"column\">\n\t\t\t<div class=\"elementor-widget-wrap elementor-element-populated\">\n\t\t\t\t\t\t\t\t<div class=\"elementor-element elementor-element-273b83b elementor-widget elementor-widget-text-editor\" data-id=\"273b83b\" data-element_type=\"widget\" data-widget_type=\"text-editor.default\">\n\t\t\t\t<div class=\"elementor-widget-container\">\n\t\t\t\t\t\t\t<p align=\"justify\">El IES San Juan Bosco es reconocido por la Diputaci\u00f3n de Ja\u00e9n por su participaci\u00f3n en el Programa Erasmus \u00abJa\u00e9n + VI, Formaci\u00f3n Profesional con Plus en Europa\u00bb durante el curso pasado. El Diputado de Empleo y Empresa, Luis Miguel Carmona, fue el encargado de entregar la placa acreditativa a los centros que han participado, siendo nuestra coordinadora de los Programas Erasmus + que se desarrollan en el centro, Eva Senise la encargada de representar al centro en este acto de reconocimiento.<\/p>\n\nAdjuntamos el enlace a la noticia en la web de Diputaci\u00f3n de Ja\u00e9n, as\u00ed como Im\u00e1genes del acto.\n\n<a href=\"https:\/\/www.dipujaen.es\/noticias\/detalles.html?t=Una+treintena+de+centros+educativos+son+reconocidos+por+la+Diputaci%C3%B3n+tras+colaborar+en+el+proyecto+Ja%C3%A9n%2B+VI&amp;uid=01a57578-55dc-11ed-a354-005056b0675f#\">https:\/\/www.dipujaen.es\/noticias\/detalles.html?t=Una+treintena+de+centros+educativos+son+reconocidos+por+la+Diputaci%C3%B3n+tras+colaborar+en+el+proyecto+Ja%C3%A9n%2B+VI&amp;uid=01a57578-55dc-11ed-a354-005056b0675f#<\/a>\n\n\u00a1Seguimos!\t\t\t\t\t\t<\/div>\n\t\t\t\t<\/div>\n\t\t\t\t\t<\/div>\n\t\t<\/div>\n\t\t\t\t\t\t\t<\/div>\n\t\t<\/section>\n\t\t\t\t<section class=\"elementor-section elementor-top-section elementor-element elementor-element-fce5794 elementor-section-boxed elementor-section-height-default elementor-section-height-default\" data-id=\"fce5794\" data-element_type=\"section\">\n\t\t\t\t\t\t<div class=\"elementor-container elementor-column-gap-default\">\n\t\t\t\t\t<div class=\"elementor-column elementor-col-100 elementor-top-column elementor-element elementor-element-b436b3e\" data-id=\"b436b3e\" data-element_type=\"column\">\n\t\t\t<div class=\"elementor-widget-wrap elementor-element-populated\">\n\t\t\t\t\t\t\t\t<div class=\"elementor-element elementor-element-56edd10 elementor-widget elementor-widget-image\" data-id=\"56edd10\" data-element_type=\"widget\" data-widget_type=\"image.default\">\n\t\t\t\t<div class=\"elementor-widget-container\">\n\t\t\t\t\t\t\t\t\t\t\t\t\t\t\t<img decoding=\"async\" width=\"1024\" height=\"576\" src=\"https:\/\/sanjuanbosco.es\/wp-content\/uploads\/2022\/10\/IES_SAN_JUAN_BOSCO_-_Jaxn-1024x576.jpg\" class=\"attachment-large size-large\" alt=\"\" loading=\"lazy\" srcset=\"https:\/\/sanjuanbosco.es\/wp-content\/uploads\/2022\/10\/IES_SAN_JUAN_BOSCO_-_Jaxn-1024x576.jpg 1024w, https:\/\/sanjuanbosco.es\/wp-content\/uploads\/2022\/10\/IES_SAN_JUAN_BOSCO_-_Jaxn-300x169.jpg 300w, https:\/\/sanjuanbosco.es\/wp-content\/uploads\/2022\/10\/IES_SAN_JUAN_BOSCO_-_Jaxn-768x432.jpg 768w, https:\/\/sanjuanbosco.es\/wp-content\/uploads\/2022\/10\/IES_SAN_JUAN_BOSCO_-_Jaxn-1536x864.jpg 1536w, https:\/\/sanjuanbosco.es\/wp-content\/uploads\/2022\/10\/IES_SAN_JUAN_BOSCO_-_Jaxn-2048x1152.jpg 2048w, https:\/\/sanjuanbosco.es\/wp-content\/uploads\/2022\/10\/IES_SAN_JUAN_BOSCO_-_Jaxn-1920x1080.jpg 1920w, https:\/\/sanjuanbosco.es\/wp-content\/uploads\/2022\/10\/IES_SAN_JUAN_BOSCO_-_Jaxn-190x107.jpg 190w\" sizes=\"(max-width: 1024px) 100vw, 1024px\" \/>\t\t\t\t\t\t\t\t\t\t\t\t\t\t\t<\/div>\n\t\t\t\t<\/div>\n\t\t\t\t<div class=\"elementor-element elementor-element-65ae2d0 elementor-widget elementor-widget-image\" data-id=\"65ae2d0\" data-element_type=\"widget\" data-widget_type=\"image.default\">\n\t\t\t\t<div class=\"elementor-widget-container\">\n\t\t\t\t\t\t\t\t\t\t\t\t\t\t\t<img decoding=\"async\" width=\"1024\" height=\"737\" src=\"https:\/\/sanjuanbosco.es\/wp-content\/uploads\/2022\/10\/IMG-2476-1024x737.jpg\" class=\"attachment-large size-large\" alt=\"\" loading=\"lazy\" srcset=\"https:\/\/sanjuanbosco.es\/wp-content\/uploads\/2022\/10\/IMG-2476-1024x737.jpg 1024w, https:\/\/sanjuanbosco.es\/wp-content\/uploads\/2022\/10\/IMG-2476-300x216.jpg 300w, https:\/\/sanjuanbosco.es\/wp-content\/uploads\/2022\/10\/IMG-2476-768x552.jpg 768w, https:\/\/sanjuanbosco.es\/wp-content\/uploads\/2022\/10\/IMG-2476-1536x1105.jpg 1536w, https:\/\/sanjuanbosco.es\/wp-content\/uploads\/2022\/10\/IMG-2476-2048x1473.jpg 2048w\" sizes=\"(max-width: 1024px) 100vw, 1024px\" \/>\t\t\t\t\t\t\t\t\t\t\t\t\t\t\t<\/div>\n\t\t\t\t<\/div>\n\t\t\t\t\t<\/div>\n\t\t<\/div>\n\t\t\t\t\t\t\t<\/div>\n\t\t<\/section>\n\t\t\t\t\t\t\t<\/div>\n\t\t","protected":false},"excerpt":{"rendered":"<p>El IES San Juan Bosco es reconocido por la Diputaci\u00f3n<span class=\"more-button\"><a href=\"https:\/\/sanjuanbosco.es\/?p=9696\" class=\"more-link\">Seguir leyendo<span class=\"screen-reader-text\">Reconocimiento al IES San Juan Bosco por su participaci\u00f3n en el Programa Erasmus \u00abJa\u00e9n + VI, Formaci\u00f3n Profesional<\/span><\/a><\/span><\/p>\n","protected":false},"author":2,"featured_media":9699,"comment_status":"open","ping_status":"open","sticky":false,"template":"","format":"standard","meta":{"_background_id":0,"_xo_background":[],"ngg_post_thumbnail":0},"categories":[1],"tags":[],"_links":{"self":[{"href":"https:\/\/sanjuanbosco.es\/index.php?rest_route=\/wp\/v2\/posts\/9696"}],"collection":[{"href":"https:\/\/sanjuanbosco.es\/index.php?rest_route=\/wp\/v2\/posts"}],"about":[{"href":"https:\/\/sanjuanbosco.es\/index.php?rest_route=\/wp\/v2\/types\/post"}],"author":[{"embeddable":true,"href":"https:\/\/sanjuanbosco.es\/index.php?rest_route=\/wp\/v2\/users\/2"}],"replies":[{"embeddable":true,"href":"https:\/\/sanjuanbosco.es\/index.php?rest_route=%2Fwp%2Fv2%2Fcomments&post=9696"}],"version-history":[{"count":7,"href":"https:\/\/sanjuanbosco.es\/index.php?rest_route=\/wp\/v2\/posts\/9696\/revisions"}],"predecessor-version":[{"id":9712,"href":"https:\/\/sanjuanbosco.es\/index.php?rest_route=\/wp\/v2\/posts\/9696\/revisions\/9712"}],"wp:featuredmedia":[{"embeddable":true,"href":"https:\/\/sanjuanbosco.es\/index.php?rest_route=\/wp\/v2\/media\/9699"}],"wp:attachment":[{"href":"https:\/\/sanjuanbosco.es\/index.php?rest_route=%2Fwp%2Fv2%2Fmedia&parent=9696"}],"wp:term":[{"taxonomy":"category","embeddable":true,"href":"https:\/\/sanjuanbosco.es\/index.php?rest_route=%2Fwp%2Fv2%2Fcategories&post=9696"},{"taxonomy":"post_tag","embeddable":true,"href":"https:\/\/sanjuanbosco.es\/index.php?rest_route=%2Fwp%2Fv2%2Ftags&post=9696"}],"curies":[{"name":"wp","href":"https:\/\/api.w.org\/{rel}","templated":true}]}}