{"id":9844,"date":"2022-11-12T14:00:59","date_gmt":"2022-11-12T12:00:59","guid":{"rendered":"https:\/\/sanjuanbosco.es\/?p=9844"},"modified":"2022-11-30T15:15:52","modified_gmt":"2022-11-30T13:15:52","slug":"baila-jaen-taller-de-flamenco-programa-impulsa-iii","status":"publish","type":"post","link":"https:\/\/sanjuanbosco.es\/?p=9844","title":{"rendered":"BAILA JA\u00c9N.TALLER DE FLAMENCO.PROGRAMA IMPULSA III"},"content":{"rendered":"\t\t<div data-elementor-type=\"wp-post\" data-elementor-id=\"9844\" class=\"elementor elementor-9844\">\n\t\t\t\t\t\t\t\t\t<section class=\"elementor-section elementor-top-section elementor-element elementor-element-1ca89ad6 elementor-section-boxed elementor-section-height-default elementor-section-height-default\" data-id=\"1ca89ad6\" data-element_type=\"section\">\n\t\t\t\t\t\t<div class=\"elementor-container elementor-column-gap-default\">\n\t\t\t\t\t<div class=\"elementor-column elementor-col-100 elementor-top-column elementor-element elementor-element-742f4fa9\" data-id=\"742f4fa9\" data-element_type=\"column\">\n\t\t\t<div class=\"elementor-widget-wrap elementor-element-populated\">\n\t\t\t\t\t\t\t\t<div class=\"elementor-element elementor-element-3d01f510 elementor-widget elementor-widget-text-editor\" data-id=\"3d01f510\" data-element_type=\"widget\" data-widget_type=\"text-editor.default\">\n\t\t\t\t<div class=\"elementor-widget-container\">\n\t\t\t\t\t\t\t<p><!-- wp:paragraph --><\/p>\n<p><b>Con motivo de la declaraci\u00f3n del 16 de noviembre como D\u00eda del Flamenco en el \u00e1mbito de la Comunidad Aut\u00f3noma de Andaluc\u00eda (Acuerdo del 15 de noviembre del Consejo de Gobierno), nuestro centro, ha organizado un taller de flamenco \u00abBAILA JA\u00c9N\u00bb integrado en el programa IMPULSA III.<\/b><\/p>\n<p><!-- \/wp:paragraph --><!-- wp:paragraph --><\/p>\n<p><!-- \/wp:paragraph --><\/p>\t\t\t\t\t\t<\/div>\n\t\t\t\t<\/div>\n\t\t\t\t\t<\/div>\n\t\t<\/div>\n\t\t\t\t\t\t\t<\/div>\n\t\t<\/section>\n\t\t\t\t<section class=\"elementor-section elementor-top-section elementor-element elementor-element-2d6e29e elementor-section-boxed elementor-section-height-default elementor-section-height-default\" data-id=\"2d6e29e\" data-element_type=\"section\">\n\t\t\t\t\t\t<div class=\"elementor-container elementor-column-gap-default\">\n\t\t\t\t\t<div class=\"elementor-column elementor-col-100 elementor-top-column elementor-element elementor-element-0a88b54\" data-id=\"0a88b54\" data-element_type=\"column\">\n\t\t\t<div class=\"elementor-widget-wrap elementor-element-populated\">\n\t\t\t\t\t\t\t\t<div class=\"elementor-element elementor-element-94aa4d6 elementor-widget elementor-widget-image\" data-id=\"94aa4d6\" data-element_type=\"widget\" data-widget_type=\"image.default\">\n\t\t\t\t<div class=\"elementor-widget-container\">\n\t\t\t\t\t\t\t\t\t\t\t\t\t\t\t<img decoding=\"async\" width=\"724\" height=\"1024\" src=\"https:\/\/sanjuanbosco.es\/wp-content\/uploads\/2022\/11\/CARTEL-724x1024.png\" class=\"attachment-large size-large\" alt=\"\" loading=\"lazy\" srcset=\"https:\/\/sanjuanbosco.es\/wp-content\/uploads\/2022\/11\/CARTEL-724x1024.png 724w, https:\/\/sanjuanbosco.es\/wp-content\/uploads\/2022\/11\/CARTEL-212x300.png 212w, https:\/\/sanjuanbosco.es\/wp-content\/uploads\/2022\/11\/CARTEL-768x1086.png 768w, https:\/\/sanjuanbosco.es\/wp-content\/uploads\/2022\/11\/CARTEL-1086x1536.png 1086w, https:\/\/sanjuanbosco.es\/wp-content\/uploads\/2022\/11\/CARTEL-e1668255328948.png 1000w\" sizes=\"(max-width: 724px) 100vw, 724px\" \/>\t\t\t\t\t\t\t\t\t\t\t\t\t\t\t<\/div>\n\t\t\t\t<\/div>\n\t\t\t\t\t<\/div>\n\t\t<\/div>\n\t\t\t\t\t\t\t<\/div>\n\t\t<\/section>\n\t\t\t\t\t\t\t<\/div>\n\t\t","protected":false},"excerpt":{"rendered":"<p>Con motivo de la declaraci\u00f3n del 16 de noviembre como<span class=\"more-button\"><a href=\"https:\/\/sanjuanbosco.es\/?p=9844\" class=\"more-link\">Seguir leyendo<span class=\"screen-reader-text\">BAILA JA\u00c9N.TALLER DE FLAMENCO.PROGRAMA IMPULSA III<\/span><\/a><\/span><\/p>\n","protected":false},"author":2,"featured_media":9845,"comment_status":"open","ping_status":"open","sticky":false,"template":"","format":"standard","meta":{"_background_id":0,"_xo_background":[],"ngg_post_thumbnail":0},"categories":[1],"tags":[],"_links":{"self":[{"href":"https:\/\/sanjuanbosco.es\/index.php?rest_route=\/wp\/v2\/posts\/9844"}],"collection":[{"href":"https:\/\/sanjuanbosco.es\/index.php?rest_route=\/wp\/v2\/posts"}],"about":[{"href":"https:\/\/sanjuanbosco.es\/index.php?rest_route=\/wp\/v2\/types\/post"}],"author":[{"embeddable":true,"href":"https:\/\/sanjuanbosco.es\/index.php?rest_route=\/wp\/v2\/users\/2"}],"replies":[{"embeddable":true,"href":"https:\/\/sanjuanbosco.es\/index.php?rest_route=%2Fwp%2Fv2%2Fcomments&post=9844"}],"version-history":[{"count":8,"href":"https:\/\/sanjuanbosco.es\/index.php?rest_route=\/wp\/v2\/posts\/9844\/revisions"}],"predecessor-version":[{"id":10290,"href":"https:\/\/sanjuanbosco.es\/index.php?rest_route=\/wp\/v2\/posts\/9844\/revisions\/10290"}],"wp:featuredmedia":[{"embeddable":true,"href":"https:\/\/sanjuanbosco.es\/index.php?rest_route=\/wp\/v2\/media\/9845"}],"wp:attachment":[{"href":"https:\/\/sanjuanbosco.es\/index.php?rest_route=%2Fwp%2Fv2%2Fmedia&parent=9844"}],"wp:term":[{"taxonomy":"category","embeddable":true,"href":"https:\/\/sanjuanbosco.es\/index.php?rest_route=%2Fwp%2Fv2%2Fcategories&post=9844"},{"taxonomy":"post_tag","embeddable":true,"href":"https:\/\/sanjuanbosco.es\/index.php?rest_route=%2Fwp%2Fv2%2Ftags&post=9844"}],"curies":[{"name":"wp","href":"https:\/\/api.w.org\/{rel}","templated":true}]}}